{"id":1255,"date":"2025-11-15T19:36:25","date_gmt":"2025-11-15T19:36:25","guid":{"rendered":"https:\/\/clersvalencians.org\/?p=1255"},"modified":"2026-02-22T11:20:59","modified_gmt":"2026-02-22T10:20:59","slug":"arbre-de-lany-2026","status":"publish","type":"post","link":"https:\/\/comiteslocals.org\/cas\/arbre-de-lany-2026\/","title":{"rendered":"El eucalipto centenario del barranco, finalista en el concurso nacional de \u00c1rbol del A\u00f1o 2026"},"content":{"rendered":"<p>El nostre emblem\u00e0tic <strong>eucaliptus centenari del barranc de Paiporta<\/strong> ha estat seleccionat com a <strong>finalista en el prestigi\u00f3s concurs nacional <em>Arbre de l\u2019Any 2026<\/em><\/strong>, una iniciativa que reconeix exemplars arb\u00f2ris destacats pel seu valor natural, hist\u00f2ric i social.<\/p>\n\n\n\n<p>La candidatura ha sigut presentada pel <strong>CLER de Paiporta<\/strong>, amb l\u2019autoritzaci\u00f3 i el suport institucional de l\u2019<strong>Ajuntament de Paiporta<\/strong>, que considera aquest arbre un s\u00edmbol del patrimoni natural del municipi.<\/p>\n\n\n\n<p>Ara, el proc\u00e9s entra en la seua fase decisiva i <strong>el vot ciutad\u00e0 \u00e9s clau<\/strong> perqu\u00e8 el nostre eucaliptus aconseguisca el primer lloc.<\/p>\n\n\n\n<h3 class=\"wp-block-heading\"><strong>Com votar?<\/strong><\/h3>\n\n\n\n<p>\ud83d\udcbb <strong>A trav\u00e9s de la web oficial del concurs:<\/strong> <a>www.arbolybosquedela\u00f1o.es<\/a><\/p>\n\n\n\n<p>\ud83d\udcc5 <strong>Del 17 de novembre al 17 de desembre<\/strong><\/p>\n\n\n\n<p>\ud83d\udc9a Ajuda&#8217;ns a difondre este missatge.<\/p>\n\n\n\n<hr class=\"wp-block-separator has-alpha-channel-opacity\"\/>\n\n\n\n<p><\/p>\n\n\n\n<p>Nuestro emblem\u00e1tico eucalipto centenario del barranco de Paiporta ha sido seleccionado como finalista en el prestigioso concurso nacional \u00c1rbol del A\u00f1o 2026, una iniciativa que reconoce ejemplares arb\u00f3reos destacados por su valor natural, hist\u00f3rico y social.<\/p>\n\n\n\n<p>La candidatura ha sido presentada por el CLER de Paiporta, con la autorizaci\u00f3n y el apoyo institucional del Ayuntamiento de Paiporta, que considera este \u00e1rbol un s\u00edmbolo del patrimonio natural del municipio.<\/p>\n\n\n\n<p>Ahora, el proceso entra en su fase decisiva y el voto ciudadano es clave para que nuestro eucalipto consiga el primer puesto.<\/p>\n\n\n\n<h3 class=\"wp-block-heading\"><strong>\u00bfC\u00f3mo votar?<\/strong><\/h3>\n\n\n\n<p>\ud83d\udcbb A trav\u00e9s de la p\u00e1gina web oficial del concurso: <a href=\"http:\/\/www.arbolybosquedela%C3%B1o.es\">www.arbolybosquedela\u00f1o.es<\/a><\/p>\n\n\n\n<p>\ud83d\udcc5 Del 17 de noviembre al 17 de diciembre<\/p>\n\n\n\n<p>\ud83d\udc9a Ay\u00fadanos a difundir este mensaje.<\/p>\n\n\n\n<figure class=\"wp-block-image size-large\"><img loading=\"lazy\" decoding=\"async\" width=\"1024\" height=\"1024\" src=\"https:\/\/clersvalencians.org\/wp-content\/uploads\/2025\/11\/583210712_17880945882417699_1363831874327099882_n-1024x1024.jpg\" alt=\"\" class=\"wp-image-1269\" srcset=\"https:\/\/comiteslocals.org\/wp-content\/uploads\/2025\/11\/583210712_17880945882417699_1363831874327099882_n-1024x1024.jpg 1024w, https:\/\/comiteslocals.org\/wp-content\/uploads\/2025\/11\/583210712_17880945882417699_1363831874327099882_n-300x300.jpg 300w, https:\/\/comiteslocals.org\/wp-content\/uploads\/2025\/11\/583210712_17880945882417699_1363831874327099882_n-150x150.jpg 150w, https:\/\/comiteslocals.org\/wp-content\/uploads\/2025\/11\/583210712_17880945882417699_1363831874327099882_n-768x768.jpg 768w, https:\/\/comiteslocals.org\/wp-content\/uploads\/2025\/11\/583210712_17880945882417699_1363831874327099882_n.jpg 1440w\" sizes=\"auto, (max-width: 1024px) 100vw, 1024px\" \/><\/figure>","protected":false},"excerpt":{"rendered":"<p>El nostre emblem\u00e0tic eucaliptus centenari del barranc de Paiporta ha estat seleccionat com a finalista en el prestigi\u00f3s concurs nacional&#8230;<\/p>","protected":false},"author":1,"featured_media":1210,"comment_status":"open","ping_status":"closed","sticky":false,"template":"","format":"standard","meta":{"_kadence_starter_templates_imported_post":false,"_kad_post_transparent":"","_kad_post_title":"","_kad_post_layout":"","_kad_post_sidebar_id":"","_kad_post_content_style":"","_kad_post_vertical_padding":"","_kad_post_feature":"","_kad_post_feature_position":"","_kad_post_header":false,"_kad_post_footer":false,"_kad_post_classname":"","activitypub_content_warning":"","activitypub_content_visibility":"","activitypub_max_image_attachments":4,"activitypub_interaction_policy_quote":"anyone","activitypub_status":"","footnotes":""},"categories":[8],"tags":[],"class_list":["post-1255","post","type-post","status-publish","format-standard","has-post-thumbnail","hentry","category-blog"],"_links":{"self":[{"href":"https:\/\/comiteslocals.org\/cas\/wp-json\/wp\/v2\/posts\/1255","targetHints":{"allow":["GET"]}}],"collection":[{"href":"https:\/\/comiteslocals.org\/cas\/wp-json\/wp\/v2\/posts"}],"about":[{"href":"https:\/\/comiteslocals.org\/cas\/wp-json\/wp\/v2\/types\/post"}],"author":[{"embeddable":true,"href":"https:\/\/comiteslocals.org\/cas\/wp-json\/wp\/v2\/users\/1"}],"replies":[{"embeddable":true,"href":"https:\/\/comiteslocals.org\/cas\/wp-json\/wp\/v2\/comments?post=1255"}],"version-history":[{"count":4,"href":"https:\/\/comiteslocals.org\/cas\/wp-json\/wp\/v2\/posts\/1255\/revisions"}],"predecessor-version":[{"id":1270,"href":"https:\/\/comiteslocals.org\/cas\/wp-json\/wp\/v2\/posts\/1255\/revisions\/1270"}],"wp:featuredmedia":[{"embeddable":true,"href":"https:\/\/comiteslocals.org\/cas\/wp-json\/wp\/v2\/media\/1210"}],"wp:attachment":[{"href":"https:\/\/comiteslocals.org\/cas\/wp-json\/wp\/v2\/media?parent=1255"}],"wp:term":[{"taxonomy":"category","embeddable":true,"href":"https:\/\/comiteslocals.org\/cas\/wp-json\/wp\/v2\/categories?post=1255"},{"taxonomy":"post_tag","embeddable":true,"href":"https:\/\/comiteslocals.org\/cas\/wp-json\/wp\/v2\/tags?post=1255"}],"curies":[{"name":"wp","href":"https:\/\/api.w.org\/{rel}","templated":true}]}}