{"id":1457,"date":"2025-01-30T10:45:00","date_gmt":"2025-01-30T09:45:00","guid":{"rendered":"https:\/\/comiteslocals.org\/?p=1457"},"modified":"2026-02-22T11:22:36","modified_gmt":"2026-02-22T10:22:36","slug":"la-ciudadania-crea-comites-populares-de-reconstruccion-y-emergencia-tras-la-dana","status":"publish","type":"post","link":"https:\/\/comiteslocals.org\/cas\/la-ciudadania-crea-comites-populares-de-reconstruccion-y-emergencia-tras-la-dana\/","title":{"rendered":"La ciudadan\u00eda crea comit\u00e9s populares de reconstrucci\u00f3n y emergencia tras la dana"},"content":{"rendered":"<p><\/p>\n\n\n\n<p><a href=\"https:\/\/www.elsaltodiario.com\/valencia\/comites-emergencia-reconstruccion-dana-se-presentan-sociedad\">El Salto, 30 de gener de 2025: La ciudadan\u00eda crea comit\u00e9s populares de reconstrucci\u00f3n y emergencia tras la dana<\/a><\/p>\n\n\n\n<p><\/p>","protected":false},"excerpt":{"rendered":"<p>El Salto, 30 de gener de 2025: La ciudadan\u00eda crea comit\u00e9s populares de reconstrucci\u00f3n y emergencia tras la dana<\/p>","protected":false},"author":8,"featured_media":0,"comment_status":"closed","ping_status":"closed","sticky":false,"template":"","format":"standard","meta":{"_kadence_starter_templates_imported_post":false,"_kad_post_transparent":"","_kad_post_title":"","_kad_post_layout":"","_kad_post_sidebar_id":"","_kad_post_content_style":"","_kad_post_vertical_padding":"","_kad_post_feature":"","_kad_post_feature_position":"","_kad_post_header":false,"_kad_post_footer":false,"_kad_post_classname":"","activitypub_content_warning":"","activitypub_content_visibility":"","activitypub_max_image_attachments":4,"activitypub_interaction_policy_quote":"anyone","activitypub_status":"","footnotes":""},"categories":[9],"tags":[],"class_list":["post-1457","post","type-post","status-publish","format-standard","hentry","category-premsa"],"_links":{"self":[{"href":"https:\/\/comiteslocals.org\/cas\/wp-json\/wp\/v2\/posts\/1457","targetHints":{"allow":["GET"]}}],"collection":[{"href":"https:\/\/comiteslocals.org\/cas\/wp-json\/wp\/v2\/posts"}],"about":[{"href":"https:\/\/comiteslocals.org\/cas\/wp-json\/wp\/v2\/types\/post"}],"author":[{"embeddable":true,"href":"https:\/\/comiteslocals.org\/cas\/wp-json\/wp\/v2\/users\/8"}],"replies":[{"embeddable":true,"href":"https:\/\/comiteslocals.org\/cas\/wp-json\/wp\/v2\/comments?post=1457"}],"version-history":[{"count":5,"href":"https:\/\/comiteslocals.org\/cas\/wp-json\/wp\/v2\/posts\/1457\/revisions"}],"predecessor-version":[{"id":1471,"href":"https:\/\/comiteslocals.org\/cas\/wp-json\/wp\/v2\/posts\/1457\/revisions\/1471"}],"wp:attachment":[{"href":"https:\/\/comiteslocals.org\/cas\/wp-json\/wp\/v2\/media?parent=1457"}],"wp:term":[{"taxonomy":"category","embeddable":true,"href":"https:\/\/comiteslocals.org\/cas\/wp-json\/wp\/v2\/categories?post=1457"},{"taxonomy":"post_tag","embeddable":true,"href":"https:\/\/comiteslocals.org\/cas\/wp-json\/wp\/v2\/tags?post=1457"}],"curies":[{"name":"wp","href":"https:\/\/api.w.org\/{rel}","templated":true}]}}