{"id":1475,"date":"2025-01-29T11:06:00","date_gmt":"2025-01-29T10:06:00","guid":{"rendered":"https:\/\/comiteslocals.org\/?p=1475"},"modified":"2026-03-31T22:39:46","modified_gmt":"2026-03-31T20:39:46","slug":"media-docena-de-comites-locales-reclaman-mas-participacion-ciudadana-en-la-reconstruccion","status":"publish","type":"post","link":"https:\/\/comiteslocals.org\/cas\/media-docena-de-comites-locales-reclaman-mas-participacion-ciudadana-en-la-reconstruccion\/","title":{"rendered":"Media docena de comit\u00e9s locales reclaman m\u00e1s participaci\u00f3n ciudadana en la reconstrucci\u00f3n"},"content":{"rendered":"<p><a href=\"https:\/\/www.lasprovincias.es\/comunitat\/media-docena-comites-locales-reclaman-participacion-ciudadana-20250129140102-nt.html\">Las Provincias, 29 de gener de 2025: Media docena de comit\u00e9s locales reclaman m\u00e1s participaci\u00f3n ciudadana en la reconstrucci\u00f3n <\/a><\/p>","protected":false},"excerpt":{"rendered":"<p>Las Provincias, 29 de gener de 2025: Media docena de comit\u00e9s locales reclaman m\u00e1s participaci\u00f3n ciudadana en la reconstrucci\u00f3n<\/p>","protected":false},"author":8,"featured_media":0,"comment_status":"closed","ping_status":"closed","sticky":false,"template":"","format":"standard","meta":{"_kadence_starter_templates_imported_post":false,"_kad_post_transparent":"","_kad_post_title":"","_kad_post_layout":"","_kad_post_sidebar_id":"","_kad_post_content_style":"","_kad_post_vertical_padding":"","_kad_post_feature":"","_kad_post_feature_position":"","_kad_post_header":false,"_kad_post_footer":false,"_kad_post_classname":"","activitypub_content_warning":"","activitypub_content_visibility":"local","activitypub_max_image_attachments":4,"activitypub_interaction_policy_quote":"anyone","activitypub_status":"","footnotes":""},"categories":[9],"tags":[],"class_list":["post-1475","post","type-post","status-publish","format-standard","hentry","category-premsa"],"_links":{"self":[{"href":"https:\/\/comiteslocals.org\/cas\/wp-json\/wp\/v2\/posts\/1475","targetHints":{"allow":["GET"]}}],"collection":[{"href":"https:\/\/comiteslocals.org\/cas\/wp-json\/wp\/v2\/posts"}],"about":[{"href":"https:\/\/comiteslocals.org\/cas\/wp-json\/wp\/v2\/types\/post"}],"author":[{"embeddable":true,"href":"https:\/\/comiteslocals.org\/cas\/wp-json\/wp\/v2\/users\/8"}],"replies":[{"embeddable":true,"href":"https:\/\/comiteslocals.org\/cas\/wp-json\/wp\/v2\/comments?post=1475"}],"version-history":[{"count":2,"href":"https:\/\/comiteslocals.org\/cas\/wp-json\/wp\/v2\/posts\/1475\/revisions"}],"predecessor-version":[{"id":2818,"href":"https:\/\/comiteslocals.org\/cas\/wp-json\/wp\/v2\/posts\/1475\/revisions\/2818"}],"wp:attachment":[{"href":"https:\/\/comiteslocals.org\/cas\/wp-json\/wp\/v2\/media?parent=1475"}],"wp:term":[{"taxonomy":"category","embeddable":true,"href":"https:\/\/comiteslocals.org\/cas\/wp-json\/wp\/v2\/categories?post=1475"},{"taxonomy":"post_tag","embeddable":true,"href":"https:\/\/comiteslocals.org\/cas\/wp-json\/wp\/v2\/tags?post=1475"}],"curies":[{"name":"wp","href":"https:\/\/api.w.org\/{rel}","templated":true}]}}