{"id":1479,"date":"2025-04-27T11:10:00","date_gmt":"2025-04-27T09:10:00","guid":{"rendered":"https:\/\/comiteslocals.org\/?p=1479"},"modified":"2026-02-22T11:22:01","modified_gmt":"2026-02-22T10:22:01","slug":"xativa-presenta-los-comites-locales-de-emergencia-la-ciudadania-que-reconstruye-el-futuro","status":"publish","type":"post","link":"https:\/\/comiteslocals.org\/cas\/xativa-presenta-los-comites-locales-de-emergencia-la-ciudadania-que-reconstruye-el-futuro\/","title":{"rendered":"X\u00e0tiva presenta los Comit\u00e9s Locales de Emergencia: la ciudadan\u00eda que reconstruye el futuro"},"content":{"rendered":"<p><a href=\"https:\/\/cadenaser.com\/comunitat-valenciana\/2025\/04\/27\/xativa-presenta-los-comites-locales-de-emergencia-la-ciudadania-que-reconstruye-el-futuro-radio-xativa\/\" data-type=\"link\" data-id=\"https:\/\/cadenaser.com\/comunitat-valenciana\/2025\/04\/27\/xativa-presenta-los-comites-locales-de-emergencia-la-ciudadania-que-reconstruye-el-futuro-radio-xativa\/\">Cadena Ser, 27 d&#8217;abril de 2025: X\u00e0tiva presenta los Comit\u00e9s Locales de Emergencia: la ciudadan\u00eda que reconstruye el futuro<\/a><\/p>","protected":false},"excerpt":{"rendered":"<p>Cadena Ser, 27 d&#8217;abril de 2025: X\u00e0tiva presenta los Comit\u00e9s Locales de Emergencia: la ciudadan\u00eda que reconstruye el futuro<\/p>","protected":false},"author":8,"featured_media":0,"comment_status":"closed","ping_status":"closed","sticky":false,"template":"","format":"standard","meta":{"_kadence_starter_templates_imported_post":false,"_kad_post_transparent":"","_kad_post_title":"","_kad_post_layout":"","_kad_post_sidebar_id":"","_kad_post_content_style":"","_kad_post_vertical_padding":"","_kad_post_feature":"","_kad_post_feature_position":"","_kad_post_header":false,"_kad_post_footer":false,"_kad_post_classname":"","activitypub_content_warning":"","activitypub_content_visibility":"","activitypub_max_image_attachments":4,"activitypub_interaction_policy_quote":"anyone","activitypub_status":"","footnotes":""},"categories":[9],"tags":[],"class_list":["post-1479","post","type-post","status-publish","format-standard","hentry","category-premsa"],"_links":{"self":[{"href":"https:\/\/comiteslocals.org\/cas\/wp-json\/wp\/v2\/posts\/1479","targetHints":{"allow":["GET"]}}],"collection":[{"href":"https:\/\/comiteslocals.org\/cas\/wp-json\/wp\/v2\/posts"}],"about":[{"href":"https:\/\/comiteslocals.org\/cas\/wp-json\/wp\/v2\/types\/post"}],"author":[{"embeddable":true,"href":"https:\/\/comiteslocals.org\/cas\/wp-json\/wp\/v2\/users\/8"}],"replies":[{"embeddable":true,"href":"https:\/\/comiteslocals.org\/cas\/wp-json\/wp\/v2\/comments?post=1479"}],"version-history":[{"count":1,"href":"https:\/\/comiteslocals.org\/cas\/wp-json\/wp\/v2\/posts\/1479\/revisions"}],"predecessor-version":[{"id":1480,"href":"https:\/\/comiteslocals.org\/cas\/wp-json\/wp\/v2\/posts\/1479\/revisions\/1480"}],"wp:attachment":[{"href":"https:\/\/comiteslocals.org\/cas\/wp-json\/wp\/v2\/media?parent=1479"}],"wp:term":[{"taxonomy":"category","embeddable":true,"href":"https:\/\/comiteslocals.org\/cas\/wp-json\/wp\/v2\/categories?post=1479"},{"taxonomy":"post_tag","embeddable":true,"href":"https:\/\/comiteslocals.org\/cas\/wp-json\/wp\/v2\/tags?post=1479"}],"curies":[{"name":"wp","href":"https:\/\/api.w.org\/{rel}","templated":true}]}}