{"id":1517,"date":"2025-11-05T11:55:38","date_gmt":"2025-11-05T10:55:38","guid":{"rendered":"https:\/\/comiteslocals.org\/?p=1517"},"modified":"2026-04-13T11:01:13","modified_gmt":"2026-04-13T09:01:13","slug":"florida-universitaria-acoge-una-mesa-redonda-sobre-ciencia-e-investigacion-en-relacion-a-la-dana-del-29-o","status":"publish","type":"post","link":"https:\/\/comiteslocals.org\/cas\/florida-universitaria-acoge-una-mesa-redonda-sobre-ciencia-e-investigacion-en-relacion-a-la-dana-del-29-o\/","title":{"rendered":"Florida Universit\u00e0ria acoge una mesa redonda sobre ciencia e investigaci\u00f3n en relaci\u00f3n a la DANA del 29-O"},"content":{"rendered":"<p><a href=\"https:\/\/www.floridauniversitaria.es\/florida-universitaria-acoge-una-mesa-redonda-sobre-ciencia-e-investigacion-en-relacion-a-la-dana-del-29-o\/\" data-type=\"link\" data-id=\"https:\/\/www.floridauniversitaria.es\/florida-universitaria-acoge-una-mesa-redonda-sobre-ciencia-e-investigacion-en-relacion-a-la-dana-del-29-o\/\" target=\"_blank\" rel=\"noreferrer noopener\">Florida Universitaria, 5 de novembre de 2025: Florida Universit\u00e0ria acoge una mesa redonda sobre ciencia e investigaci\u00f3n en relaci\u00f3n a la DANA del 29-O<\/a><\/p>","protected":false},"excerpt":{"rendered":"<p>Florida Universitaria, 5 de novembre de 2025: Florida Universit\u00e0ria acoge una mesa redonda sobre ciencia e investigaci\u00f3n en relaci\u00f3n a&#8230;<\/p>","protected":false},"author":8,"featured_media":0,"comment_status":"closed","ping_status":"","sticky":false,"template":"","format":"standard","meta":{"_kadence_starter_templates_imported_post":false,"_kad_post_transparent":"","_kad_post_title":"","_kad_post_layout":"","_kad_post_sidebar_id":"","_kad_post_content_style":"","_kad_post_vertical_padding":"","_kad_post_feature":"","_kad_post_feature_position":"","_kad_post_header":false,"_kad_post_footer":false,"_kad_post_classname":"","activitypub_content_warning":"","activitypub_content_visibility":"local","activitypub_max_image_attachments":4,"activitypub_interaction_policy_quote":"anyone","activitypub_status":"","footnotes":""},"categories":[10],"tags":[],"class_list":["post-1517","post","type-post","status-publish","format-standard","hentry","category-universitats"],"_links":{"self":[{"href":"https:\/\/comiteslocals.org\/cas\/wp-json\/wp\/v2\/posts\/1517","targetHints":{"allow":["GET"]}}],"collection":[{"href":"https:\/\/comiteslocals.org\/cas\/wp-json\/wp\/v2\/posts"}],"about":[{"href":"https:\/\/comiteslocals.org\/cas\/wp-json\/wp\/v2\/types\/post"}],"author":[{"embeddable":true,"href":"https:\/\/comiteslocals.org\/cas\/wp-json\/wp\/v2\/users\/8"}],"replies":[{"embeddable":true,"href":"https:\/\/comiteslocals.org\/cas\/wp-json\/wp\/v2\/comments?post=1517"}],"version-history":[{"count":3,"href":"https:\/\/comiteslocals.org\/cas\/wp-json\/wp\/v2\/posts\/1517\/revisions"}],"predecessor-version":[{"id":3487,"href":"https:\/\/comiteslocals.org\/cas\/wp-json\/wp\/v2\/posts\/1517\/revisions\/3487"}],"wp:attachment":[{"href":"https:\/\/comiteslocals.org\/cas\/wp-json\/wp\/v2\/media?parent=1517"}],"wp:term":[{"taxonomy":"category","embeddable":true,"href":"https:\/\/comiteslocals.org\/cas\/wp-json\/wp\/v2\/categories?post=1517"},{"taxonomy":"post_tag","embeddable":true,"href":"https:\/\/comiteslocals.org\/cas\/wp-json\/wp\/v2\/tags?post=1517"}],"curies":[{"name":"wp","href":"https:\/\/api.w.org\/{rel}","templated":true}]}}