{"id":1519,"date":"2025-10-28T11:58:43","date_gmt":"2025-10-28T10:58:43","guid":{"rendered":"https:\/\/comiteslocals.org\/?p=1519"},"modified":"2026-04-13T11:05:56","modified_gmt":"2026-04-13T09:05:56","slug":"llicons-apreses-despres-de-la-dana-de-valencia","status":"publish","type":"post","link":"https:\/\/comiteslocals.org\/cas\/llicons-apreses-despres-de-la-dana-de-valencia\/","title":{"rendered":"Lli\u00e7ons apreses despr\u00e9s de la DANA de Val\u00e8ncia"},"content":{"rendered":"<p><a href=\"https:\/\/www.uv.es\/uvweb\/cultura\/ca\/llista-activitat\/llicons-apreses-dana-valencia-1285871673078\/Activitat.html?id=1286453789129\" data-type=\"link\" data-id=\"https:\/\/www.uv.es\/uvweb\/cultura\/ca\/llista-activitat\/llicons-apreses-dana-valencia-1285871673078\/Activitat.html?id=1286453789129\" target=\"_blank\" rel=\"noreferrer noopener\">Universitat de Val\u00e8ncia, 28&#8217;octubre: Lli\u00e7ons apreses despr\u00e9s de la DANA de Val\u00e8ncia<\/a><\/p>","protected":false},"excerpt":{"rendered":"<p>Universitat de Val\u00e8ncia, 28&#8217;octubre: Lli\u00e7ons apreses despr\u00e9s de la DANA de Val\u00e8ncia<\/p>","protected":false},"author":8,"featured_media":0,"comment_status":"closed","ping_status":"","sticky":false,"template":"","format":"standard","meta":{"_kadence_starter_templates_imported_post":false,"_kad_post_transparent":"","_kad_post_title":"","_kad_post_layout":"","_kad_post_sidebar_id":"","_kad_post_content_style":"","_kad_post_vertical_padding":"","_kad_post_feature":"","_kad_post_feature_position":"","_kad_post_header":false,"_kad_post_footer":false,"_kad_post_classname":"","activitypub_content_warning":"","activitypub_content_visibility":"local","activitypub_max_image_attachments":4,"activitypub_interaction_policy_quote":"anyone","activitypub_status":"","footnotes":""},"categories":[10],"tags":[],"class_list":["post-1519","post","type-post","status-publish","format-standard","hentry","category-universitats"],"_links":{"self":[{"href":"https:\/\/comiteslocals.org\/cas\/wp-json\/wp\/v2\/posts\/1519","targetHints":{"allow":["GET"]}}],"collection":[{"href":"https:\/\/comiteslocals.org\/cas\/wp-json\/wp\/v2\/posts"}],"about":[{"href":"https:\/\/comiteslocals.org\/cas\/wp-json\/wp\/v2\/types\/post"}],"author":[{"embeddable":true,"href":"https:\/\/comiteslocals.org\/cas\/wp-json\/wp\/v2\/users\/8"}],"replies":[{"embeddable":true,"href":"https:\/\/comiteslocals.org\/cas\/wp-json\/wp\/v2\/comments?post=1519"}],"version-history":[{"count":2,"href":"https:\/\/comiteslocals.org\/cas\/wp-json\/wp\/v2\/posts\/1519\/revisions"}],"predecessor-version":[{"id":3532,"href":"https:\/\/comiteslocals.org\/cas\/wp-json\/wp\/v2\/posts\/1519\/revisions\/3532"}],"wp:attachment":[{"href":"https:\/\/comiteslocals.org\/cas\/wp-json\/wp\/v2\/media?parent=1519"}],"wp:term":[{"taxonomy":"category","embeddable":true,"href":"https:\/\/comiteslocals.org\/cas\/wp-json\/wp\/v2\/categories?post=1519"},{"taxonomy":"post_tag","embeddable":true,"href":"https:\/\/comiteslocals.org\/cas\/wp-json\/wp\/v2\/tags?post=1519"}],"curies":[{"name":"wp","href":"https:\/\/api.w.org\/{rel}","templated":true}]}}