{"id":1521,"date":"2025-07-09T12:00:12","date_gmt":"2025-07-09T10:00:12","guid":{"rendered":"https:\/\/comiteslocals.org\/?p=1521"},"modified":"2026-02-22T12:01:14","modified_gmt":"2026-02-22T11:01:14","slug":"alcaldes-y-alcaldesas-de-la-dana-piden-mas-personal-para-la-reconstruccion-y-un-frente-comun-de-todas-las-instituciones","status":"publish","type":"post","link":"https:\/\/comiteslocals.org\/cas\/alcaldes-y-alcaldesas-de-la-dana-piden-mas-personal-para-la-reconstruccion-y-un-frente-comun-de-todas-las-instituciones\/","title":{"rendered":"Alcaldes y alcaldesas de la dana piden m\u00e1s personal para la reconstrucci\u00f3n y un frente com\u00fan de todas las instituciones"},"content":{"rendered":"<p><a href=\"https:\/\/www.dival.es\/es\/sala-premsa\/alcaldes-y-alcaldesas-de-la-dana-piden-mas-personal-para-la-reconstruccion-y-un-frente-comun-de-todas-las-instituciones\" data-type=\"link\" data-id=\"https:\/\/www.dival.es\/es\/sala-premsa\/alcaldes-y-alcaldesas-de-la-dana-piden-mas-personal-para-la-reconstruccion-y-un-frente-comun-de-todas-las-instituciones\">Diputaci\u00f3 de Val\u00e8ncia, 9 de juliol de 2025: Alcaldes y alcaldesas de la dana piden m\u00e1s personal para la reconstrucci\u00f3n y un frente com\u00fan de todas las instituciones<\/a><\/p>","protected":false},"excerpt":{"rendered":"<p>Diputaci\u00f3 de Val\u00e8ncia, 9 de juliol de 2025: Alcaldes y alcaldesas de la dana piden m\u00e1s personal para la reconstrucci\u00f3n&#8230;<\/p>","protected":false},"author":8,"featured_media":0,"comment_status":"closed","ping_status":"","sticky":false,"template":"","format":"standard","meta":{"_kadence_starter_templates_imported_post":false,"_kad_post_transparent":"","_kad_post_title":"","_kad_post_layout":"","_kad_post_sidebar_id":"","_kad_post_content_style":"","_kad_post_vertical_padding":"","_kad_post_feature":"","_kad_post_feature_position":"","_kad_post_header":false,"_kad_post_footer":false,"_kad_post_classname":"","activitypub_content_warning":"","activitypub_content_visibility":"","activitypub_max_image_attachments":4,"activitypub_interaction_policy_quote":"anyone","activitypub_status":"","footnotes":""},"categories":[11],"tags":[],"class_list":["post-1521","post","type-post","status-publish","format-standard","hentry","category-institucions"],"_links":{"self":[{"href":"https:\/\/comiteslocals.org\/cas\/wp-json\/wp\/v2\/posts\/1521","targetHints":{"allow":["GET"]}}],"collection":[{"href":"https:\/\/comiteslocals.org\/cas\/wp-json\/wp\/v2\/posts"}],"about":[{"href":"https:\/\/comiteslocals.org\/cas\/wp-json\/wp\/v2\/types\/post"}],"author":[{"embeddable":true,"href":"https:\/\/comiteslocals.org\/cas\/wp-json\/wp\/v2\/users\/8"}],"replies":[{"embeddable":true,"href":"https:\/\/comiteslocals.org\/cas\/wp-json\/wp\/v2\/comments?post=1521"}],"version-history":[{"count":1,"href":"https:\/\/comiteslocals.org\/cas\/wp-json\/wp\/v2\/posts\/1521\/revisions"}],"predecessor-version":[{"id":1522,"href":"https:\/\/comiteslocals.org\/cas\/wp-json\/wp\/v2\/posts\/1521\/revisions\/1522"}],"wp:attachment":[{"href":"https:\/\/comiteslocals.org\/cas\/wp-json\/wp\/v2\/media?parent=1521"}],"wp:term":[{"taxonomy":"category","embeddable":true,"href":"https:\/\/comiteslocals.org\/cas\/wp-json\/wp\/v2\/categories?post=1521"},{"taxonomy":"post_tag","embeddable":true,"href":"https:\/\/comiteslocals.org\/cas\/wp-json\/wp\/v2\/tags?post=1521"}],"curies":[{"name":"wp","href":"https:\/\/api.w.org\/{rel}","templated":true}]}}