{"id":1540,"date":"2025-07-09T12:21:34","date_gmt":"2025-07-09T10:21:34","guid":{"rendered":"https:\/\/comiteslocals.org\/?p=1540"},"modified":"2026-02-22T12:22:22","modified_gmt":"2026-02-22T11:22:22","slug":"comites-locals-exigixen-participacio-real-i-responsabilitats-despres-de-la-dana-a-valencia","status":"publish","type":"post","link":"https:\/\/comiteslocals.org\/cas\/comites-locals-exigixen-participacio-real-i-responsabilitats-despres-de-la-dana-a-valencia\/","title":{"rendered":"Comit\u00e9s locals exigixen participaci\u00f3 real i responsabilitats despr\u00e9s de la DANA a Val\u00e8ncia"},"content":{"rendered":"<p><a href=\"https:\/\/valenciadiari.com\/comites-locals-exigixen-participacio-real-i-responsabilitats-despres-de-la-dana-a-valencia\/\" data-type=\"link\" data-id=\"https:\/\/valenciadiari.com\/comites-locals-exigixen-participacio-real-i-responsabilitats-despres-de-la-dana-a-valencia\/\">Valencia diari, 9 de juliol de 2025: Comit\u00e9s locals exigixen participaci\u00f3 real i responsabilitats despr\u00e9s de la DANA a Val\u00e8ncia<\/a><\/p>","protected":false},"excerpt":{"rendered":"<p>Valencia diari, 9 de juliol de 2025: Comit\u00e9s locals exigixen participaci\u00f3 real i responsabilitats despr\u00e9s de la DANA a Val\u00e8ncia<\/p>","protected":false},"author":8,"featured_media":0,"comment_status":"closed","ping_status":"","sticky":false,"template":"","format":"standard","meta":{"_kadence_starter_templates_imported_post":false,"_kad_post_transparent":"","_kad_post_title":"","_kad_post_layout":"","_kad_post_sidebar_id":"","_kad_post_content_style":"","_kad_post_vertical_padding":"","_kad_post_feature":"","_kad_post_feature_position":"","_kad_post_header":false,"_kad_post_footer":false,"_kad_post_classname":"","activitypub_content_warning":"","activitypub_content_visibility":"","activitypub_max_image_attachments":4,"activitypub_interaction_policy_quote":"anyone","activitypub_status":"","footnotes":""},"categories":[9],"tags":[],"class_list":["post-1540","post","type-post","status-publish","format-standard","hentry","category-premsa"],"_links":{"self":[{"href":"https:\/\/comiteslocals.org\/cas\/wp-json\/wp\/v2\/posts\/1540","targetHints":{"allow":["GET"]}}],"collection":[{"href":"https:\/\/comiteslocals.org\/cas\/wp-json\/wp\/v2\/posts"}],"about":[{"href":"https:\/\/comiteslocals.org\/cas\/wp-json\/wp\/v2\/types\/post"}],"author":[{"embeddable":true,"href":"https:\/\/comiteslocals.org\/cas\/wp-json\/wp\/v2\/users\/8"}],"replies":[{"embeddable":true,"href":"https:\/\/comiteslocals.org\/cas\/wp-json\/wp\/v2\/comments?post=1540"}],"version-history":[{"count":1,"href":"https:\/\/comiteslocals.org\/cas\/wp-json\/wp\/v2\/posts\/1540\/revisions"}],"predecessor-version":[{"id":1541,"href":"https:\/\/comiteslocals.org\/cas\/wp-json\/wp\/v2\/posts\/1540\/revisions\/1541"}],"wp:attachment":[{"href":"https:\/\/comiteslocals.org\/cas\/wp-json\/wp\/v2\/media?parent=1540"}],"wp:term":[{"taxonomy":"category","embeddable":true,"href":"https:\/\/comiteslocals.org\/cas\/wp-json\/wp\/v2\/categories?post=1540"},{"taxonomy":"post_tag","embeddable":true,"href":"https:\/\/comiteslocals.org\/cas\/wp-json\/wp\/v2\/tags?post=1540"}],"curies":[{"name":"wp","href":"https:\/\/api.w.org\/{rel}","templated":true}]}}