{"id":1544,"date":"2025-01-27T12:24:09","date_gmt":"2025-01-27T11:24:09","guid":{"rendered":"https:\/\/comiteslocals.org\/?p=1544"},"modified":"2026-02-22T12:25:14","modified_gmt":"2026-02-22T11:25:14","slug":"el-comites-locals-de-reconstruccio-es-presenten-en-societat","status":"publish","type":"post","link":"https:\/\/comiteslocals.org\/cas\/el-comites-locals-de-reconstruccio-es-presenten-en-societat\/","title":{"rendered":"El Comit\u00e9s Locals de Reconstrucci\u00f3 es presenten en societat"},"content":{"rendered":"<p><a href=\"https:\/\/www.diarilaveu.cat\/societat\/el-comites-locals-de-reconstruccio-es-presenten-en-societat-573002\/\" data-type=\"link\" data-id=\"https:\/\/www.diarilaveu.cat\/societat\/el-comites-locals-de-reconstruccio-es-presenten-en-societat-573002\/\">Diari La Veu del Pa\u00eds Valenci\u00e0, 27 de gener de 2025: El Comit\u00e9s Locals de Reconstrucci\u00f3 es presenten en societat<\/a><\/p>","protected":false},"excerpt":{"rendered":"<p>Diari La Veu del Pa\u00eds Valenci\u00e0, 27 de gener de 2025: El Comit\u00e9s Locals de Reconstrucci\u00f3 es presenten en societat<\/p>","protected":false},"author":8,"featured_media":0,"comment_status":"closed","ping_status":"","sticky":false,"template":"","format":"standard","meta":{"_kadence_starter_templates_imported_post":false,"_kad_post_transparent":"","_kad_post_title":"","_kad_post_layout":"","_kad_post_sidebar_id":"","_kad_post_content_style":"","_kad_post_vertical_padding":"","_kad_post_feature":"","_kad_post_feature_position":"","_kad_post_header":false,"_kad_post_footer":false,"_kad_post_classname":"","activitypub_content_warning":"","activitypub_content_visibility":"","activitypub_max_image_attachments":4,"activitypub_interaction_policy_quote":"anyone","activitypub_status":"","footnotes":""},"categories":[9],"tags":[],"class_list":["post-1544","post","type-post","status-publish","format-standard","hentry","category-premsa"],"_links":{"self":[{"href":"https:\/\/comiteslocals.org\/cas\/wp-json\/wp\/v2\/posts\/1544","targetHints":{"allow":["GET"]}}],"collection":[{"href":"https:\/\/comiteslocals.org\/cas\/wp-json\/wp\/v2\/posts"}],"about":[{"href":"https:\/\/comiteslocals.org\/cas\/wp-json\/wp\/v2\/types\/post"}],"author":[{"embeddable":true,"href":"https:\/\/comiteslocals.org\/cas\/wp-json\/wp\/v2\/users\/8"}],"replies":[{"embeddable":true,"href":"https:\/\/comiteslocals.org\/cas\/wp-json\/wp\/v2\/comments?post=1544"}],"version-history":[{"count":1,"href":"https:\/\/comiteslocals.org\/cas\/wp-json\/wp\/v2\/posts\/1544\/revisions"}],"predecessor-version":[{"id":1545,"href":"https:\/\/comiteslocals.org\/cas\/wp-json\/wp\/v2\/posts\/1544\/revisions\/1545"}],"wp:attachment":[{"href":"https:\/\/comiteslocals.org\/cas\/wp-json\/wp\/v2\/media?parent=1544"}],"wp:term":[{"taxonomy":"category","embeddable":true,"href":"https:\/\/comiteslocals.org\/cas\/wp-json\/wp\/v2\/categories?post=1544"},{"taxonomy":"post_tag","embeddable":true,"href":"https:\/\/comiteslocals.org\/cas\/wp-json\/wp\/v2\/tags?post=1544"}],"curies":[{"name":"wp","href":"https:\/\/api.w.org\/{rel}","templated":true}]}}