{"id":1562,"date":"2025-04-08T12:36:51","date_gmt":"2025-04-08T10:36:51","guid":{"rendered":"https:\/\/comiteslocals.org\/?p=1562"},"modified":"2026-02-22T12:37:34","modified_gmt":"2026-02-22T11:37:34","slug":"el-cler-de-catarroja-demana-la-regularitzacio-a-persones-migrants-afectades-per-la-dana","status":"publish","type":"post","link":"https:\/\/comiteslocals.org\/cas\/el-cler-de-catarroja-demana-la-regularitzacio-a-persones-migrants-afectades-per-la-dana\/","title":{"rendered":"El CLER de Catarroja demana la regularitzaci\u00f3 a persones migrants afectades per la dana"},"content":{"rendered":"<p><a href=\"https:\/\/valencia.elperiodicodeaqui.com\/epda-noticias\/el-cler-de-catarroja-demana-la-regularitzacio-a-persones-migrants-afectades-per-la-dana\/364219\" data-type=\"link\" data-id=\"https:\/\/valencia.elperiodicodeaqui.com\/epda-noticias\/el-cler-de-catarroja-demana-la-regularitzacio-a-persones-migrants-afectades-per-la-dana\/364219\">El Peri\u00f3dico de Aqu\u00ed, 8 d&#8217;abril de 2025: El CLER de Catarroja demana la regularitzaci\u00f3 a persones migrants afectades per la dana<\/a><\/p>","protected":false},"excerpt":{"rendered":"<p>El Peri\u00f3dico de Aqu\u00ed, 8 d&#8217;abril de 2025: El CLER de Catarroja demana la regularitzaci\u00f3 a persones migrants afectades per&#8230;<\/p>","protected":false},"author":8,"featured_media":0,"comment_status":"closed","ping_status":"","sticky":false,"template":"","format":"standard","meta":{"_kadence_starter_templates_imported_post":false,"_kad_post_transparent":"","_kad_post_title":"","_kad_post_layout":"","_kad_post_sidebar_id":"","_kad_post_content_style":"","_kad_post_vertical_padding":"","_kad_post_feature":"","_kad_post_feature_position":"","_kad_post_header":false,"_kad_post_footer":false,"_kad_post_classname":"","activitypub_content_warning":"","activitypub_content_visibility":"","activitypub_max_image_attachments":4,"activitypub_interaction_policy_quote":"anyone","activitypub_status":"","footnotes":""},"categories":[9],"tags":[],"class_list":["post-1562","post","type-post","status-publish","format-standard","hentry","category-premsa"],"_links":{"self":[{"href":"https:\/\/comiteslocals.org\/cas\/wp-json\/wp\/v2\/posts\/1562","targetHints":{"allow":["GET"]}}],"collection":[{"href":"https:\/\/comiteslocals.org\/cas\/wp-json\/wp\/v2\/posts"}],"about":[{"href":"https:\/\/comiteslocals.org\/cas\/wp-json\/wp\/v2\/types\/post"}],"author":[{"embeddable":true,"href":"https:\/\/comiteslocals.org\/cas\/wp-json\/wp\/v2\/users\/8"}],"replies":[{"embeddable":true,"href":"https:\/\/comiteslocals.org\/cas\/wp-json\/wp\/v2\/comments?post=1562"}],"version-history":[{"count":1,"href":"https:\/\/comiteslocals.org\/cas\/wp-json\/wp\/v2\/posts\/1562\/revisions"}],"predecessor-version":[{"id":1563,"href":"https:\/\/comiteslocals.org\/cas\/wp-json\/wp\/v2\/posts\/1562\/revisions\/1563"}],"wp:attachment":[{"href":"https:\/\/comiteslocals.org\/cas\/wp-json\/wp\/v2\/media?parent=1562"}],"wp:term":[{"taxonomy":"category","embeddable":true,"href":"https:\/\/comiteslocals.org\/cas\/wp-json\/wp\/v2\/categories?post=1562"},{"taxonomy":"post_tag","embeddable":true,"href":"https:\/\/comiteslocals.org\/cas\/wp-json\/wp\/v2\/tags?post=1562"}],"curies":[{"name":"wp","href":"https:\/\/api.w.org\/{rel}","templated":true}]}}