{"id":1564,"date":"2025-04-08T12:38:03","date_gmt":"2025-04-08T10:38:03","guid":{"rendered":"https:\/\/comiteslocals.org\/?p=1564"},"modified":"2026-02-22T12:38:42","modified_gmt":"2026-02-22T11:38:42","slug":"el-comite-de-reconstruccion-de-catarroja-pide-la-regularizacion-de-los-inmigrantes-afectados","status":"publish","type":"post","link":"https:\/\/comiteslocals.org\/cas\/el-comite-de-reconstruccion-de-catarroja-pide-la-regularizacion-de-los-inmigrantes-afectados\/","title":{"rendered":"El Comit\u00e9 de Reconstrucci\u00f3n de Catarroja pide la regularizaci\u00f3n de los inmigrantes afectados"},"content":{"rendered":"<p><a href=\"https:\/\/www.levante-emv.com\/horta\/2025\/04\/08\/comite-reconstruccion-catarroja-pide-regularizacion-inmigrantes-afectados-dana-116166854.html\" data-type=\"link\" data-id=\"https:\/\/www.levante-emv.com\/horta\/2025\/04\/08\/comite-reconstruccion-catarroja-pide-regularizacion-inmigrantes-afectados-dana-116166854.html\">Levante &#8211; EMV, 8 d&#8217;abril de 2025: El Comit\u00e9 de Reconstrucci\u00f3n de Catarroja pide la regularizaci\u00f3n de los inmigrantes afectados<\/a><\/p>","protected":false},"excerpt":{"rendered":"<p>Levante &#8211; EMV, 8 d&#8217;abril de 2025: El Comit\u00e9 de Reconstrucci\u00f3n de Catarroja pide la regularizaci\u00f3n de los inmigrantes afectados<\/p>","protected":false},"author":8,"featured_media":0,"comment_status":"closed","ping_status":"","sticky":false,"template":"","format":"standard","meta":{"_kadence_starter_templates_imported_post":false,"_kad_post_transparent":"","_kad_post_title":"","_kad_post_layout":"","_kad_post_sidebar_id":"","_kad_post_content_style":"","_kad_post_vertical_padding":"","_kad_post_feature":"","_kad_post_feature_position":"","_kad_post_header":false,"_kad_post_footer":false,"_kad_post_classname":"","activitypub_content_warning":"","activitypub_content_visibility":"","activitypub_max_image_attachments":4,"activitypub_interaction_policy_quote":"anyone","activitypub_status":"","footnotes":""},"categories":[9],"tags":[],"class_list":["post-1564","post","type-post","status-publish","format-standard","hentry","category-premsa"],"_links":{"self":[{"href":"https:\/\/comiteslocals.org\/cas\/wp-json\/wp\/v2\/posts\/1564","targetHints":{"allow":["GET"]}}],"collection":[{"href":"https:\/\/comiteslocals.org\/cas\/wp-json\/wp\/v2\/posts"}],"about":[{"href":"https:\/\/comiteslocals.org\/cas\/wp-json\/wp\/v2\/types\/post"}],"author":[{"embeddable":true,"href":"https:\/\/comiteslocals.org\/cas\/wp-json\/wp\/v2\/users\/8"}],"replies":[{"embeddable":true,"href":"https:\/\/comiteslocals.org\/cas\/wp-json\/wp\/v2\/comments?post=1564"}],"version-history":[{"count":1,"href":"https:\/\/comiteslocals.org\/cas\/wp-json\/wp\/v2\/posts\/1564\/revisions"}],"predecessor-version":[{"id":1565,"href":"https:\/\/comiteslocals.org\/cas\/wp-json\/wp\/v2\/posts\/1564\/revisions\/1565"}],"wp:attachment":[{"href":"https:\/\/comiteslocals.org\/cas\/wp-json\/wp\/v2\/media?parent=1564"}],"wp:term":[{"taxonomy":"category","embeddable":true,"href":"https:\/\/comiteslocals.org\/cas\/wp-json\/wp\/v2\/categories?post=1564"},{"taxonomy":"post_tag","embeddable":true,"href":"https:\/\/comiteslocals.org\/cas\/wp-json\/wp\/v2\/tags?post=1564"}],"curies":[{"name":"wp","href":"https:\/\/api.w.org\/{rel}","templated":true}]}}