{"id":1578,"date":"2025-09-15T12:50:25","date_gmt":"2025-09-15T10:50:25","guid":{"rendered":"https:\/\/comiteslocals.org\/?p=1578"},"modified":"2026-02-22T12:51:34","modified_gmt":"2026-02-22T11:51:34","slug":"regeneracion-urbana-y-social-post-dana-en-barrios-y-municipios-en-situacion-de-riesgo-jornadas-del-comite-local-de-emergencia-y-reconstruccion-de-algemesi-valencia","status":"publish","type":"post","link":"https:\/\/comiteslocals.org\/cas\/regeneracion-urbana-y-social-post-dana-en-barrios-y-municipios-en-situacion-de-riesgo-jornadas-del-comite-local-de-emergencia-y-reconstruccion-de-algemesi-valencia\/","title":{"rendered":"Regeneraci\u00f3n urbana y social post-dana en barrios y municipios en situaci\u00f3n de riesgo. Jornadas del Comit\u00e9 local de Emergencia y Reconstrucci\u00f3n de Algemesi (Valencia)"},"content":{"rendered":"<p><a href=\"https:\/\/participabarrios.es\/jornadasalgemesi\/\" data-type=\"link\" data-id=\"https:\/\/participabarrios.es\/jornadasalgemesi\/\">Participabarrio, 15 de septembre 2025: Regeneraci\u00f3n urbana y social post-dana en barrios y municipios en situaci\u00f3n de riesgo. Jornadas del Comit\u00e9 local de Emergencia y Reconstrucci\u00f3n de Algemesi (Valencia)<\/a><\/p>","protected":false},"excerpt":{"rendered":"<p>Participabarrio, 15 de septembre 2025: Regeneraci\u00f3n urbana y social post-dana en barrios y municipios en situaci\u00f3n de riesgo. Jornadas del&#8230;<\/p>","protected":false},"author":8,"featured_media":0,"comment_status":"closed","ping_status":"","sticky":false,"template":"","format":"standard","meta":{"_kadence_starter_templates_imported_post":false,"_kad_post_transparent":"","_kad_post_title":"","_kad_post_layout":"","_kad_post_sidebar_id":"","_kad_post_content_style":"","_kad_post_vertical_padding":"","_kad_post_feature":"","_kad_post_feature_position":"","_kad_post_header":false,"_kad_post_footer":false,"_kad_post_classname":"","activitypub_content_warning":"","activitypub_content_visibility":"","activitypub_max_image_attachments":4,"activitypub_interaction_policy_quote":"anyone","activitypub_status":"","footnotes":""},"categories":[11],"tags":[],"class_list":["post-1578","post","type-post","status-publish","format-standard","hentry","category-institucions"],"_links":{"self":[{"href":"https:\/\/comiteslocals.org\/cas\/wp-json\/wp\/v2\/posts\/1578","targetHints":{"allow":["GET"]}}],"collection":[{"href":"https:\/\/comiteslocals.org\/cas\/wp-json\/wp\/v2\/posts"}],"about":[{"href":"https:\/\/comiteslocals.org\/cas\/wp-json\/wp\/v2\/types\/post"}],"author":[{"embeddable":true,"href":"https:\/\/comiteslocals.org\/cas\/wp-json\/wp\/v2\/users\/8"}],"replies":[{"embeddable":true,"href":"https:\/\/comiteslocals.org\/cas\/wp-json\/wp\/v2\/comments?post=1578"}],"version-history":[{"count":1,"href":"https:\/\/comiteslocals.org\/cas\/wp-json\/wp\/v2\/posts\/1578\/revisions"}],"predecessor-version":[{"id":1579,"href":"https:\/\/comiteslocals.org\/cas\/wp-json\/wp\/v2\/posts\/1578\/revisions\/1579"}],"wp:attachment":[{"href":"https:\/\/comiteslocals.org\/cas\/wp-json\/wp\/v2\/media?parent=1578"}],"wp:term":[{"taxonomy":"category","embeddable":true,"href":"https:\/\/comiteslocals.org\/cas\/wp-json\/wp\/v2\/categories?post=1578"},{"taxonomy":"post_tag","embeddable":true,"href":"https:\/\/comiteslocals.org\/cas\/wp-json\/wp\/v2\/tags?post=1578"}],"curies":[{"name":"wp","href":"https:\/\/api.w.org\/{rel}","templated":true}]}}