{"id":1588,"date":"2025-01-18T12:58:31","date_gmt":"2025-01-18T11:58:31","guid":{"rendered":"https:\/\/comiteslocals.org\/?p=1588"},"modified":"2026-02-22T12:59:11","modified_gmt":"2026-02-22T11:59:11","slug":"afectats-per-la-dana-aposten-per-la-reconstruccio-participativa-a-valencia","status":"publish","type":"post","link":"https:\/\/comiteslocals.org\/cas\/afectats-per-la-dana-aposten-per-la-reconstruccio-participativa-a-valencia\/","title":{"rendered":"Afectats per la DANA aposten per la reconstrucci\u00f3 participativa a Val\u00e8ncia"},"content":{"rendered":"<p><a href=\"https:\/\/valenciadiari.com\/comites-emergencia-reconstruccion-dana-valencia\/\" data-type=\"link\" data-id=\"https:\/\/valenciadiari.com\/comites-emergencia-reconstruccion-dana-valencia\/\">Val\u00e8ncia Diari, 18 de gener de 2025: Afectats per la DANA aposten per la reconstrucci\u00f3 participativa a Val\u00e8ncia<\/a><\/p>","protected":false},"excerpt":{"rendered":"<p>Val\u00e8ncia Diari, 18 de gener de 2025: Afectats per la DANA aposten per la reconstrucci\u00f3 participativa a Val\u00e8ncia<\/p>","protected":false},"author":8,"featured_media":0,"comment_status":"closed","ping_status":"","sticky":false,"template":"","format":"standard","meta":{"_kadence_starter_templates_imported_post":false,"_kad_post_transparent":"","_kad_post_title":"","_kad_post_layout":"","_kad_post_sidebar_id":"","_kad_post_content_style":"","_kad_post_vertical_padding":"","_kad_post_feature":"","_kad_post_feature_position":"","_kad_post_header":false,"_kad_post_footer":false,"_kad_post_classname":"","activitypub_content_warning":"","activitypub_content_visibility":"","activitypub_max_image_attachments":4,"activitypub_interaction_policy_quote":"anyone","activitypub_status":"","footnotes":""},"categories":[9],"tags":[],"class_list":["post-1588","post","type-post","status-publish","format-standard","hentry","category-premsa"],"_links":{"self":[{"href":"https:\/\/comiteslocals.org\/cas\/wp-json\/wp\/v2\/posts\/1588","targetHints":{"allow":["GET"]}}],"collection":[{"href":"https:\/\/comiteslocals.org\/cas\/wp-json\/wp\/v2\/posts"}],"about":[{"href":"https:\/\/comiteslocals.org\/cas\/wp-json\/wp\/v2\/types\/post"}],"author":[{"embeddable":true,"href":"https:\/\/comiteslocals.org\/cas\/wp-json\/wp\/v2\/users\/8"}],"replies":[{"embeddable":true,"href":"https:\/\/comiteslocals.org\/cas\/wp-json\/wp\/v2\/comments?post=1588"}],"version-history":[{"count":1,"href":"https:\/\/comiteslocals.org\/cas\/wp-json\/wp\/v2\/posts\/1588\/revisions"}],"predecessor-version":[{"id":1589,"href":"https:\/\/comiteslocals.org\/cas\/wp-json\/wp\/v2\/posts\/1588\/revisions\/1589"}],"wp:attachment":[{"href":"https:\/\/comiteslocals.org\/cas\/wp-json\/wp\/v2\/media?parent=1588"}],"wp:term":[{"taxonomy":"category","embeddable":true,"href":"https:\/\/comiteslocals.org\/cas\/wp-json\/wp\/v2\/categories?post=1588"},{"taxonomy":"post_tag","embeddable":true,"href":"https:\/\/comiteslocals.org\/cas\/wp-json\/wp\/v2\/tags?post=1588"}],"curies":[{"name":"wp","href":"https:\/\/api.w.org\/{rel}","templated":true}]}}