{"id":1590,"date":"2024-12-26T13:00:12","date_gmt":"2024-12-26T12:00:12","guid":{"rendered":"https:\/\/comiteslocals.org\/?p=1590"},"modified":"2026-02-22T13:01:07","modified_gmt":"2026-02-22T12:01:07","slug":"el-veinat-dalfafar-impulsa-la-creacio-de-comites-locals-de-reconstruccio-en-les-zones-afectades-per-la-dana","status":"publish","type":"post","link":"https:\/\/comiteslocals.org\/cas\/el-veinat-dalfafar-impulsa-la-creacio-de-comites-locals-de-reconstruccio-en-les-zones-afectades-per-la-dana\/","title":{"rendered":"El ve\u00efnat d&#8217;Alfafar impulsa la creaci\u00f3 de comit\u00e8s locals de reconstrucci\u00f3 en les zones afectades per la dana"},"content":{"rendered":"<p><a href=\"https:\/\/directa.cat\/el-veinat-dalfafar-impulsa-la-creacio-de-comites-locals-de-reconstruccio-en-les-zones-afectades-per-la-dana\/\" data-type=\"link\" data-id=\"https:\/\/directa.cat\/el-veinat-dalfafar-impulsa-la-creacio-de-comites-locals-de-reconstruccio-en-les-zones-afectades-per-la-dana\/\">Directa.cat, 26 de decembre de 2024: El ve\u00efnat d&#8217;Alfafar impulsa la creaci\u00f3 de comit\u00e8s locals de reconstrucci\u00f3 en les zones afectades per la dana<\/a><\/p>","protected":false},"excerpt":{"rendered":"<p>Directa.cat, 26 de decembre de 2024: El ve\u00efnat d&#8217;Alfafar impulsa la creaci\u00f3 de comit\u00e8s locals de reconstrucci\u00f3 en les zones&#8230;<\/p>","protected":false},"author":8,"featured_media":0,"comment_status":"closed","ping_status":"","sticky":false,"template":"","format":"standard","meta":{"_kadence_starter_templates_imported_post":false,"_kad_post_transparent":"","_kad_post_title":"","_kad_post_layout":"","_kad_post_sidebar_id":"","_kad_post_content_style":"","_kad_post_vertical_padding":"","_kad_post_feature":"","_kad_post_feature_position":"","_kad_post_header":false,"_kad_post_footer":false,"_kad_post_classname":"","activitypub_content_warning":"","activitypub_content_visibility":"","activitypub_max_image_attachments":4,"activitypub_interaction_policy_quote":"anyone","activitypub_status":"","footnotes":""},"categories":[9],"tags":[],"class_list":["post-1590","post","type-post","status-publish","format-standard","hentry","category-premsa"],"_links":{"self":[{"href":"https:\/\/comiteslocals.org\/cas\/wp-json\/wp\/v2\/posts\/1590","targetHints":{"allow":["GET"]}}],"collection":[{"href":"https:\/\/comiteslocals.org\/cas\/wp-json\/wp\/v2\/posts"}],"about":[{"href":"https:\/\/comiteslocals.org\/cas\/wp-json\/wp\/v2\/types\/post"}],"author":[{"embeddable":true,"href":"https:\/\/comiteslocals.org\/cas\/wp-json\/wp\/v2\/users\/8"}],"replies":[{"embeddable":true,"href":"https:\/\/comiteslocals.org\/cas\/wp-json\/wp\/v2\/comments?post=1590"}],"version-history":[{"count":1,"href":"https:\/\/comiteslocals.org\/cas\/wp-json\/wp\/v2\/posts\/1590\/revisions"}],"predecessor-version":[{"id":1591,"href":"https:\/\/comiteslocals.org\/cas\/wp-json\/wp\/v2\/posts\/1590\/revisions\/1591"}],"wp:attachment":[{"href":"https:\/\/comiteslocals.org\/cas\/wp-json\/wp\/v2\/media?parent=1590"}],"wp:term":[{"taxonomy":"category","embeddable":true,"href":"https:\/\/comiteslocals.org\/cas\/wp-json\/wp\/v2\/categories?post=1590"},{"taxonomy":"post_tag","embeddable":true,"href":"https:\/\/comiteslocals.org\/cas\/wp-json\/wp\/v2\/tags?post=1590"}],"curies":[{"name":"wp","href":"https:\/\/api.w.org\/{rel}","templated":true}]}}