{"id":1593,"date":"2025-06-26T13:04:00","date_gmt":"2025-06-26T11:04:00","guid":{"rendered":"https:\/\/comiteslocals.org\/?p=1593"},"modified":"2026-02-22T13:05:03","modified_gmt":"2026-02-22T12:05:03","slug":"los-comites-locales-piden-ser-parte-activa-de-la-reconstruccion-tras-la-dana-en-su-primera-reunion-con-el-gobierno","status":"publish","type":"post","link":"https:\/\/comiteslocals.org\/cas\/los-comites-locales-piden-ser-parte-activa-de-la-reconstruccion-tras-la-dana-en-su-primera-reunion-con-el-gobierno\/","title":{"rendered":"Los comit\u00e9s locales piden ser &#8220;parte activa&#8221; de la reconstrucci\u00f3n tras la Dana en su primera reuni\u00f3n con el Gobierno"},"content":{"rendered":"<p><a href=\"https:\/\/valenciaplaza.com\/valenciaplaza\/comarca-y-empresa\/los-comites-locales-de-lhorta-sud-se-reunen-con-el-gobierno-para-exigir-avances-en-la-reconstruccion-tras-la-dana\" data-type=\"link\" data-id=\"https:\/\/valenciaplaza.com\/valenciaplaza\/comarca-y-empresa\/los-comites-locales-de-lhorta-sud-se-reunen-con-el-gobierno-para-exigir-avances-en-la-reconstruccion-tras-la-dana\">Valencia Plaza, 26 de junio de 2025:  Los comit\u00e9s locales piden ser &#8220;parte activa&#8221; de la reconstrucci\u00f3n tras la Dana en su primera reuni\u00f3n con el Gobierno<\/a><\/p>","protected":false},"excerpt":{"rendered":"<p>Valencia Plaza, 26 de junio de 2025: Los comit\u00e9s locales piden ser &#8220;parte activa&#8221; de la reconstrucci\u00f3n tras la Dana&#8230;<\/p>","protected":false},"author":8,"featured_media":0,"comment_status":"closed","ping_status":"","sticky":false,"template":"","format":"standard","meta":{"_kadence_starter_templates_imported_post":false,"_kad_post_transparent":"","_kad_post_title":"","_kad_post_layout":"","_kad_post_sidebar_id":"","_kad_post_content_style":"","_kad_post_vertical_padding":"","_kad_post_feature":"","_kad_post_feature_position":"","_kad_post_header":false,"_kad_post_footer":false,"_kad_post_classname":"","activitypub_content_warning":"","activitypub_content_visibility":"","activitypub_max_image_attachments":4,"activitypub_interaction_policy_quote":"anyone","activitypub_status":"","footnotes":""},"categories":[9],"tags":[],"class_list":["post-1593","post","type-post","status-publish","format-standard","hentry","category-premsa"],"_links":{"self":[{"href":"https:\/\/comiteslocals.org\/cas\/wp-json\/wp\/v2\/posts\/1593","targetHints":{"allow":["GET"]}}],"collection":[{"href":"https:\/\/comiteslocals.org\/cas\/wp-json\/wp\/v2\/posts"}],"about":[{"href":"https:\/\/comiteslocals.org\/cas\/wp-json\/wp\/v2\/types\/post"}],"author":[{"embeddable":true,"href":"https:\/\/comiteslocals.org\/cas\/wp-json\/wp\/v2\/users\/8"}],"replies":[{"embeddable":true,"href":"https:\/\/comiteslocals.org\/cas\/wp-json\/wp\/v2\/comments?post=1593"}],"version-history":[{"count":1,"href":"https:\/\/comiteslocals.org\/cas\/wp-json\/wp\/v2\/posts\/1593\/revisions"}],"predecessor-version":[{"id":1594,"href":"https:\/\/comiteslocals.org\/cas\/wp-json\/wp\/v2\/posts\/1593\/revisions\/1594"}],"wp:attachment":[{"href":"https:\/\/comiteslocals.org\/cas\/wp-json\/wp\/v2\/media?parent=1593"}],"wp:term":[{"taxonomy":"category","embeddable":true,"href":"https:\/\/comiteslocals.org\/cas\/wp-json\/wp\/v2\/categories?post=1593"},{"taxonomy":"post_tag","embeddable":true,"href":"https:\/\/comiteslocals.org\/cas\/wp-json\/wp\/v2\/tags?post=1593"}],"curies":[{"name":"wp","href":"https:\/\/api.w.org\/{rel}","templated":true}]}}