{"id":1597,"date":"2025-07-30T13:07:32","date_gmt":"2025-07-30T11:07:32","guid":{"rendered":"https:\/\/comiteslocals.org\/?p=1597"},"modified":"2026-02-22T13:08:09","modified_gmt":"2026-02-22T12:08:09","slug":"els-comites-locals-exigixen-major-coordinacio-administrativa-i-participacio-ciutadana-en-la-reconstruccio-despres-de-la-dana","status":"publish","type":"post","link":"https:\/\/comiteslocals.org\/cas\/els-comites-locals-exigixen-major-coordinacio-administrativa-i-participacio-ciutadana-en-la-reconstruccio-despres-de-la-dana\/","title":{"rendered":"Els Comit\u00e9s Locals exigixen major coordinaci\u00f3 administrativa i participaci\u00f3 ciutadana en la reconstrucci\u00f3 despr\u00e9s de la DANA"},"content":{"rendered":"<p><a href=\"https:\/\/valenciadiari.com\/els-comites-locals-exigixen-major-coordinacio-administrativa-i-participacio-ciutadana-en-la-reconstruccio-despres-de-la-dana\/\" data-type=\"link\" data-id=\"https:\/\/valenciadiari.com\/els-comites-locals-exigixen-major-coordinacio-administrativa-i-participacio-ciutadana-en-la-reconstruccio-despres-de-la-dana\/\">Val\u00e8ncia Diari, 30 de juliol de 2025: Els Comit\u00e9s Locals exigixen major coordinaci\u00f3 administrativa i participaci\u00f3 ciutadana en la reconstrucci\u00f3 despr\u00e9s de la DANA<\/a><\/p>","protected":false},"excerpt":{"rendered":"<p>Val\u00e8ncia Diari, 30 de juliol de 2025: Els Comit\u00e9s Locals exigixen major coordinaci\u00f3 administrativa i participaci\u00f3 ciutadana en la reconstrucci\u00f3&#8230;<\/p>","protected":false},"author":8,"featured_media":0,"comment_status":"closed","ping_status":"","sticky":false,"template":"","format":"standard","meta":{"_kadence_starter_templates_imported_post":false,"_kad_post_transparent":"","_kad_post_title":"","_kad_post_layout":"","_kad_post_sidebar_id":"","_kad_post_content_style":"","_kad_post_vertical_padding":"","_kad_post_feature":"","_kad_post_feature_position":"","_kad_post_header":false,"_kad_post_footer":false,"_kad_post_classname":"","activitypub_content_warning":"","activitypub_content_visibility":"","activitypub_max_image_attachments":4,"activitypub_interaction_policy_quote":"anyone","activitypub_status":"","footnotes":""},"categories":[9],"tags":[],"class_list":["post-1597","post","type-post","status-publish","format-standard","hentry","category-premsa"],"_links":{"self":[{"href":"https:\/\/comiteslocals.org\/cas\/wp-json\/wp\/v2\/posts\/1597","targetHints":{"allow":["GET"]}}],"collection":[{"href":"https:\/\/comiteslocals.org\/cas\/wp-json\/wp\/v2\/posts"}],"about":[{"href":"https:\/\/comiteslocals.org\/cas\/wp-json\/wp\/v2\/types\/post"}],"author":[{"embeddable":true,"href":"https:\/\/comiteslocals.org\/cas\/wp-json\/wp\/v2\/users\/8"}],"replies":[{"embeddable":true,"href":"https:\/\/comiteslocals.org\/cas\/wp-json\/wp\/v2\/comments?post=1597"}],"version-history":[{"count":1,"href":"https:\/\/comiteslocals.org\/cas\/wp-json\/wp\/v2\/posts\/1597\/revisions"}],"predecessor-version":[{"id":1598,"href":"https:\/\/comiteslocals.org\/cas\/wp-json\/wp\/v2\/posts\/1597\/revisions\/1598"}],"wp:attachment":[{"href":"https:\/\/comiteslocals.org\/cas\/wp-json\/wp\/v2\/media?parent=1597"}],"wp:term":[{"taxonomy":"category","embeddable":true,"href":"https:\/\/comiteslocals.org\/cas\/wp-json\/wp\/v2\/categories?post=1597"},{"taxonomy":"post_tag","embeddable":true,"href":"https:\/\/comiteslocals.org\/cas\/wp-json\/wp\/v2\/tags?post=1597"}],"curies":[{"name":"wp","href":"https:\/\/api.w.org\/{rel}","templated":true}]}}