{"id":1599,"date":"2025-02-11T13:10:41","date_gmt":"2025-02-11T12:10:41","guid":{"rendered":"https:\/\/comiteslocals.org\/?p=1599"},"modified":"2026-03-17T18:28:36","modified_gmt":"2026-03-17T17:28:36","slug":"vecinos-de-massanassa-constituyen-un-comite-de-emergencia-y-reconstruccion-tras-la-dana","status":"publish","type":"post","link":"https:\/\/comiteslocals.org\/cas\/vecinos-de-massanassa-constituyen-un-comite-de-emergencia-y-reconstruccion-tras-la-dana\/","title":{"rendered":"Ve\u00efns de Massanassa constitueixen un Comit\u00e8 d\u2019Emerg\u00e8ncia i Reconstrucci\u00f3 despr\u00e9s de la DANA"},"content":{"rendered":"<p><a href=\"https:\/\/www.hortanoticias.com\/veins-de-massanassa-constitueixen-un-comite-demergencia-i-reconstruccio-despres-de-la-dana\/\">Horta Noticias, 11 de febrer de 2025: Ve\u00efns de Massanassa constitueixen un Comit\u00e8 d\u2019Emerg\u00e8ncia i Reconstrucci\u00f3 despr\u00e9s de la DANA<\/a><\/p>","protected":false},"excerpt":{"rendered":"<p>Horta Noticias, 11 de febrer de 2025: Ve\u00efns de Massanassa constitueixen un Comit\u00e8 d\u2019Emerg\u00e8ncia i Reconstrucci\u00f3 despr\u00e9s de la DANA<\/p>","protected":false},"author":8,"featured_media":0,"comment_status":"closed","ping_status":"","sticky":false,"template":"","format":"standard","meta":{"_kadence_starter_templates_imported_post":false,"_kad_post_transparent":"","_kad_post_title":"","_kad_post_layout":"","_kad_post_sidebar_id":"","_kad_post_content_style":"","_kad_post_vertical_padding":"","_kad_post_feature":"","_kad_post_feature_position":"","_kad_post_header":false,"_kad_post_footer":false,"_kad_post_classname":"","activitypub_content_warning":"","activitypub_content_visibility":"local","activitypub_max_image_attachments":4,"activitypub_interaction_policy_quote":"anyone","activitypub_status":"","footnotes":""},"categories":[9],"tags":[],"class_list":["post-1599","post","type-post","status-publish","format-standard","hentry","category-premsa"],"_links":{"self":[{"href":"https:\/\/comiteslocals.org\/cas\/wp-json\/wp\/v2\/posts\/1599","targetHints":{"allow":["GET"]}}],"collection":[{"href":"https:\/\/comiteslocals.org\/cas\/wp-json\/wp\/v2\/posts"}],"about":[{"href":"https:\/\/comiteslocals.org\/cas\/wp-json\/wp\/v2\/types\/post"}],"author":[{"embeddable":true,"href":"https:\/\/comiteslocals.org\/cas\/wp-json\/wp\/v2\/users\/8"}],"replies":[{"embeddable":true,"href":"https:\/\/comiteslocals.org\/cas\/wp-json\/wp\/v2\/comments?post=1599"}],"version-history":[{"count":2,"href":"https:\/\/comiteslocals.org\/cas\/wp-json\/wp\/v2\/posts\/1599\/revisions"}],"predecessor-version":[{"id":2401,"href":"https:\/\/comiteslocals.org\/cas\/wp-json\/wp\/v2\/posts\/1599\/revisions\/2401"}],"wp:attachment":[{"href":"https:\/\/comiteslocals.org\/cas\/wp-json\/wp\/v2\/media?parent=1599"}],"wp:term":[{"taxonomy":"category","embeddable":true,"href":"https:\/\/comiteslocals.org\/cas\/wp-json\/wp\/v2\/categories?post=1599"},{"taxonomy":"post_tag","embeddable":true,"href":"https:\/\/comiteslocals.org\/cas\/wp-json\/wp\/v2\/tags?post=1599"}],"curies":[{"name":"wp","href":"https:\/\/api.w.org\/{rel}","templated":true}]}}