{"id":1605,"date":"2025-03-28T13:16:31","date_gmt":"2025-03-28T12:16:31","guid":{"rendered":"https:\/\/comiteslocals.org\/?p=1605"},"modified":"2026-02-22T13:17:15","modified_gmt":"2026-02-22T12:17:15","slug":"victimes-de-la-dana-i-comites-locals-suneixen-per-a-rebutjar-la-instrumentalitzacio-de-mazon-i-el-seu-pacte-amb-vox","status":"publish","type":"post","link":"https:\/\/comiteslocals.org\/cas\/victimes-de-la-dana-i-comites-locals-suneixen-per-a-rebutjar-la-instrumentalitzacio-de-mazon-i-el-seu-pacte-amb-vox\/","title":{"rendered":"V\u00edctimes de la DANA i comit\u00e9s locals s\u2019uneixen per a rebutjar la \u201cinstrumentalitzaci\u00f3\u201d de Maz\u00f3n i el seu pacte amb Vox"},"content":{"rendered":"<p><a href=\"https:\/\/www.eldiario.es\/comunitat-valenciana\/val\/victimes-dana-i-comites-locals-s-uneixen-per-rebutjar-instrumentalitzacio-mazon-i-seu-pacte-amb-vox_1_12171364.html\" data-type=\"link\" data-id=\"https:\/\/www.eldiario.es\/comunitat-valenciana\/val\/victimes-dana-i-comites-locals-s-uneixen-per-rebutjar-instrumentalitzacio-mazon-i-seu-pacte-amb-vox_1_12171364.html\">ElDiario.es, 28 de mar\u00e7 de 2025: V\u00edctimes de la DANA i comit\u00e9s locals s\u2019uneixen per a rebutjar la \u201cinstrumentalitzaci\u00f3\u201d de Maz\u00f3n i el seu pacte amb Vox<\/a><\/p>","protected":false},"excerpt":{"rendered":"<p>ElDiario.es, 28 de mar\u00e7 de 2025: V\u00edctimes de la DANA i comit\u00e9s locals s\u2019uneixen per a rebutjar la \u201cinstrumentalitzaci\u00f3\u201d de&#8230;<\/p>","protected":false},"author":8,"featured_media":0,"comment_status":"closed","ping_status":"","sticky":false,"template":"","format":"standard","meta":{"_kadence_starter_templates_imported_post":false,"_kad_post_transparent":"","_kad_post_title":"","_kad_post_layout":"","_kad_post_sidebar_id":"","_kad_post_content_style":"","_kad_post_vertical_padding":"","_kad_post_feature":"","_kad_post_feature_position":"","_kad_post_header":false,"_kad_post_footer":false,"_kad_post_classname":"","activitypub_content_warning":"","activitypub_content_visibility":"","activitypub_max_image_attachments":4,"activitypub_interaction_policy_quote":"anyone","activitypub_status":"","footnotes":""},"categories":[9],"tags":[],"class_list":["post-1605","post","type-post","status-publish","format-standard","hentry","category-premsa"],"_links":{"self":[{"href":"https:\/\/comiteslocals.org\/cas\/wp-json\/wp\/v2\/posts\/1605","targetHints":{"allow":["GET"]}}],"collection":[{"href":"https:\/\/comiteslocals.org\/cas\/wp-json\/wp\/v2\/posts"}],"about":[{"href":"https:\/\/comiteslocals.org\/cas\/wp-json\/wp\/v2\/types\/post"}],"author":[{"embeddable":true,"href":"https:\/\/comiteslocals.org\/cas\/wp-json\/wp\/v2\/users\/8"}],"replies":[{"embeddable":true,"href":"https:\/\/comiteslocals.org\/cas\/wp-json\/wp\/v2\/comments?post=1605"}],"version-history":[{"count":1,"href":"https:\/\/comiteslocals.org\/cas\/wp-json\/wp\/v2\/posts\/1605\/revisions"}],"predecessor-version":[{"id":1606,"href":"https:\/\/comiteslocals.org\/cas\/wp-json\/wp\/v2\/posts\/1605\/revisions\/1606"}],"wp:attachment":[{"href":"https:\/\/comiteslocals.org\/cas\/wp-json\/wp\/v2\/media?parent=1605"}],"wp:term":[{"taxonomy":"category","embeddable":true,"href":"https:\/\/comiteslocals.org\/cas\/wp-json\/wp\/v2\/categories?post=1605"},{"taxonomy":"post_tag","embeddable":true,"href":"https:\/\/comiteslocals.org\/cas\/wp-json\/wp\/v2\/tags?post=1605"}],"curies":[{"name":"wp","href":"https:\/\/api.w.org\/{rel}","templated":true}]}}