{"id":1609,"date":"2025-07-09T13:19:39","date_gmt":"2025-07-09T11:19:39","guid":{"rendered":"https:\/\/comiteslocals.org\/?p=1609"},"modified":"2026-02-22T13:20:30","modified_gmt":"2026-02-22T12:20:30","slug":"els-comites-locals-de-reconstruccio-exigeixen-participacio-real","status":"publish","type":"post","link":"https:\/\/comiteslocals.org\/cas\/els-comites-locals-de-reconstruccio-exigeixen-participacio-real\/","title":{"rendered":"Els comit\u00e9s locals de reconstrucci\u00f3 exigeixen \u201cparticipaci\u00f3 real\u201d"},"content":{"rendered":"<p><a href=\"https:\/\/www.diarilaveu.cat\/societat\/dana-els-comites-locals-de-reconstruccio-exigeixen-participacio-real-596109\/\" data-type=\"link\" data-id=\"https:\/\/www.diarilaveu.cat\/societat\/dana-els-comites-locals-de-reconstruccio-exigeixen-participacio-real-596109\/\">Diari La Veu del Pa\u00eds Valenci\u00e0, 9 de juliol de 2025: DANA | Els comit\u00e9s locals de reconstrucci\u00f3 exigeixen \u201cparticipaci\u00f3 real\u201d<\/a><\/p>","protected":false},"excerpt":{"rendered":"<p>Diari La Veu del Pa\u00eds Valenci\u00e0, 9 de juliol de 2025: DANA | Els comit\u00e9s locals de reconstrucci\u00f3 exigeixen \u201cparticipaci\u00f3&#8230;<\/p>","protected":false},"author":8,"featured_media":0,"comment_status":"closed","ping_status":"","sticky":false,"template":"","format":"standard","meta":{"_kadence_starter_templates_imported_post":false,"_kad_post_transparent":"","_kad_post_title":"","_kad_post_layout":"","_kad_post_sidebar_id":"","_kad_post_content_style":"","_kad_post_vertical_padding":"","_kad_post_feature":"","_kad_post_feature_position":"","_kad_post_header":false,"_kad_post_footer":false,"_kad_post_classname":"","activitypub_content_warning":"","activitypub_content_visibility":"","activitypub_max_image_attachments":4,"activitypub_interaction_policy_quote":"anyone","activitypub_status":"","footnotes":""},"categories":[9],"tags":[],"class_list":["post-1609","post","type-post","status-publish","format-standard","hentry","category-premsa"],"_links":{"self":[{"href":"https:\/\/comiteslocals.org\/cas\/wp-json\/wp\/v2\/posts\/1609","targetHints":{"allow":["GET"]}}],"collection":[{"href":"https:\/\/comiteslocals.org\/cas\/wp-json\/wp\/v2\/posts"}],"about":[{"href":"https:\/\/comiteslocals.org\/cas\/wp-json\/wp\/v2\/types\/post"}],"author":[{"embeddable":true,"href":"https:\/\/comiteslocals.org\/cas\/wp-json\/wp\/v2\/users\/8"}],"replies":[{"embeddable":true,"href":"https:\/\/comiteslocals.org\/cas\/wp-json\/wp\/v2\/comments?post=1609"}],"version-history":[{"count":1,"href":"https:\/\/comiteslocals.org\/cas\/wp-json\/wp\/v2\/posts\/1609\/revisions"}],"predecessor-version":[{"id":1610,"href":"https:\/\/comiteslocals.org\/cas\/wp-json\/wp\/v2\/posts\/1609\/revisions\/1610"}],"wp:attachment":[{"href":"https:\/\/comiteslocals.org\/cas\/wp-json\/wp\/v2\/media?parent=1609"}],"wp:term":[{"taxonomy":"category","embeddable":true,"href":"https:\/\/comiteslocals.org\/cas\/wp-json\/wp\/v2\/categories?post=1609"},{"taxonomy":"post_tag","embeddable":true,"href":"https:\/\/comiteslocals.org\/cas\/wp-json\/wp\/v2\/tags?post=1609"}],"curies":[{"name":"wp","href":"https:\/\/api.w.org\/{rel}","templated":true}]}}