{"id":1617,"date":"2025-04-27T13:26:00","date_gmt":"2025-04-27T11:26:00","guid":{"rendered":"https:\/\/comiteslocals.org\/?p=1617"},"modified":"2026-02-22T13:26:41","modified_gmt":"2026-02-22T12:26:41","slug":"associacions-de-victimes-de-la-dana-valoren-positivament-la-investigacio-judicial","status":"publish","type":"post","link":"https:\/\/comiteslocals.org\/cas\/associacions-de-victimes-de-la-dana-valoren-positivament-la-investigacio-judicial\/","title":{"rendered":"Associacions de v\u00edctimes de la dana valoren positivament la investigaci\u00f3 judicial"},"content":{"rendered":"<p><a href=\"https:\/\/www.apuntmedia.es\/noticies\/societat\/video-associacions-victimes-dana-valoren-positivament-investigacio-judicial_1_1783342.html\" data-type=\"link\" data-id=\"https:\/\/www.apuntmedia.es\/noticies\/societat\/video-associacions-victimes-dana-valoren-positivament-investigacio-judicial_1_1783342.html\">\u00c0 Punt, 27 d&#8217;abril de 2025: Associacions de v\u00edctimes de la dana valoren positivament la investigaci\u00f3 judicial<\/a><\/p>","protected":false},"excerpt":{"rendered":"<p>\u00c0 Punt, 27 d&#8217;abril de 2025: Associacions de v\u00edctimes de la dana valoren positivament la investigaci\u00f3 judicial<\/p>","protected":false},"author":8,"featured_media":0,"comment_status":"closed","ping_status":"","sticky":false,"template":"","format":"standard","meta":{"_kadence_starter_templates_imported_post":false,"_kad_post_transparent":"","_kad_post_title":"","_kad_post_layout":"","_kad_post_sidebar_id":"","_kad_post_content_style":"","_kad_post_vertical_padding":"","_kad_post_feature":"","_kad_post_feature_position":"","_kad_post_header":false,"_kad_post_footer":false,"_kad_post_classname":"","activitypub_content_warning":"","activitypub_content_visibility":"","activitypub_max_image_attachments":4,"activitypub_interaction_policy_quote":"anyone","activitypub_status":"","footnotes":""},"categories":[9],"tags":[],"class_list":["post-1617","post","type-post","status-publish","format-standard","hentry","category-premsa"],"_links":{"self":[{"href":"https:\/\/comiteslocals.org\/cas\/wp-json\/wp\/v2\/posts\/1617","targetHints":{"allow":["GET"]}}],"collection":[{"href":"https:\/\/comiteslocals.org\/cas\/wp-json\/wp\/v2\/posts"}],"about":[{"href":"https:\/\/comiteslocals.org\/cas\/wp-json\/wp\/v2\/types\/post"}],"author":[{"embeddable":true,"href":"https:\/\/comiteslocals.org\/cas\/wp-json\/wp\/v2\/users\/8"}],"replies":[{"embeddable":true,"href":"https:\/\/comiteslocals.org\/cas\/wp-json\/wp\/v2\/comments?post=1617"}],"version-history":[{"count":1,"href":"https:\/\/comiteslocals.org\/cas\/wp-json\/wp\/v2\/posts\/1617\/revisions"}],"predecessor-version":[{"id":1618,"href":"https:\/\/comiteslocals.org\/cas\/wp-json\/wp\/v2\/posts\/1617\/revisions\/1618"}],"wp:attachment":[{"href":"https:\/\/comiteslocals.org\/cas\/wp-json\/wp\/v2\/media?parent=1617"}],"wp:term":[{"taxonomy":"category","embeddable":true,"href":"https:\/\/comiteslocals.org\/cas\/wp-json\/wp\/v2\/categories?post=1617"},{"taxonomy":"post_tag","embeddable":true,"href":"https:\/\/comiteslocals.org\/cas\/wp-json\/wp\/v2\/tags?post=1617"}],"curies":[{"name":"wp","href":"https:\/\/api.w.org\/{rel}","templated":true}]}}