{"id":1628,"date":"2026-01-30T16:35:11","date_gmt":"2026-01-30T15:35:11","guid":{"rendered":"https:\/\/comiteslocals.org\/?p=1628"},"modified":"2026-04-13T10:45:55","modified_gmt":"2026-04-13T08:45:55","slug":"los-comites-locales-de-emergencia-y-reconstruccion-denuncian-la-falta-de-participacion-ciudadana-y-una-reconstruccion-sin-vision-global","status":"publish","type":"post","link":"https:\/\/comiteslocals.org\/cas\/los-comites-locales-de-emergencia-y-reconstruccion-denuncian-la-falta-de-participacion-ciudadana-y-una-reconstruccion-sin-vision-global\/","title":{"rendered":"Los Comit\u00e9s Locales de Emergencia y Reconstrucci\u00f3n denuncian la falta de participaci\u00f3n ciudadana y una reconstrucci\u00f3n sin visi\u00f3n global"},"content":{"rendered":"<p><a href=\"https:\/\/cadenaser.com\/comunitat-valenciana\/2026\/01\/30\/los-comites-locales-de-emergencia-y-reconstruccion-denuncian-la-falta-de-participacion-ciudadana-y-una-reconstruccion-sin-vision-global-radio-valencia\/\" data-type=\"link\" data-id=\"https:\/\/cadenaser.com\/comunitat-valenciana\/2026\/01\/30\/los-comites-locales-de-emergencia-y-reconstruccion-denuncian-la-falta-de-participacion-ciudadana-y-una-reconstruccion-sin-vision-global-radio-valencia\/\" target=\"_blank\" rel=\"noreferrer noopener\">Cadena Ser, 30 de gener de 2026: Los Comit\u00e9s Locales de Emergencia y Reconstrucci\u00f3n denuncian la falta de participaci\u00f3n ciudadana y una reconstrucci\u00f3n sin visi\u00f3n global<\/a><\/p>","protected":false},"excerpt":{"rendered":"<p>Cadena Ser, 30 de gener de 2026: Los Comit\u00e9s Locales de Emergencia y Reconstrucci\u00f3n denuncian la falta de participaci\u00f3n ciudadana&#8230;<\/p>","protected":false},"author":8,"featured_media":0,"comment_status":"closed","ping_status":"","sticky":false,"template":"","format":"standard","meta":{"_kadence_starter_templates_imported_post":false,"_kad_post_transparent":"","_kad_post_title":"","_kad_post_layout":"","_kad_post_sidebar_id":"","_kad_post_content_style":"","_kad_post_vertical_padding":"","_kad_post_feature":"","_kad_post_feature_position":"","_kad_post_header":false,"_kad_post_footer":false,"_kad_post_classname":"","activitypub_content_warning":"","activitypub_content_visibility":"local","activitypub_max_image_attachments":4,"activitypub_interaction_policy_quote":"anyone","activitypub_status":"","footnotes":""},"categories":[9],"tags":[],"class_list":["post-1628","post","type-post","status-publish","format-standard","hentry","category-premsa"],"_links":{"self":[{"href":"https:\/\/comiteslocals.org\/cas\/wp-json\/wp\/v2\/posts\/1628","targetHints":{"allow":["GET"]}}],"collection":[{"href":"https:\/\/comiteslocals.org\/cas\/wp-json\/wp\/v2\/posts"}],"about":[{"href":"https:\/\/comiteslocals.org\/cas\/wp-json\/wp\/v2\/types\/post"}],"author":[{"embeddable":true,"href":"https:\/\/comiteslocals.org\/cas\/wp-json\/wp\/v2\/users\/8"}],"replies":[{"embeddable":true,"href":"https:\/\/comiteslocals.org\/cas\/wp-json\/wp\/v2\/comments?post=1628"}],"version-history":[{"count":2,"href":"https:\/\/comiteslocals.org\/cas\/wp-json\/wp\/v2\/posts\/1628\/revisions"}],"predecessor-version":[{"id":3352,"href":"https:\/\/comiteslocals.org\/cas\/wp-json\/wp\/v2\/posts\/1628\/revisions\/3352"}],"wp:attachment":[{"href":"https:\/\/comiteslocals.org\/cas\/wp-json\/wp\/v2\/media?parent=1628"}],"wp:term":[{"taxonomy":"category","embeddable":true,"href":"https:\/\/comiteslocals.org\/cas\/wp-json\/wp\/v2\/categories?post=1628"},{"taxonomy":"post_tag","embeddable":true,"href":"https:\/\/comiteslocals.org\/cas\/wp-json\/wp\/v2\/tags?post=1628"}],"curies":[{"name":"wp","href":"https:\/\/api.w.org\/{rel}","templated":true}]}}