{"id":1652,"date":"2026-01-27T17:08:27","date_gmt":"2026-01-27T16:08:27","guid":{"rendered":"https:\/\/comiteslocals.org\/?p=1652"},"modified":"2026-04-13T10:49:49","modified_gmt":"2026-04-13T08:49:49","slug":"una-manifestacion-recorre-el-sabado-benetusser-sedavi-y-alfafar-con-el-lema-mazon-a-preso","status":"publish","type":"post","link":"https:\/\/comiteslocals.org\/cas\/una-manifestacion-recorre-el-sabado-benetusser-sedavi-y-alfafar-con-el-lema-mazon-a-preso\/","title":{"rendered":"Una manifestaci\u00f3n recorre el s\u00e1bado Benet\u00fasser, Sedav\u00ed y Alfafar con el lema &#8216;Maz\u00f3n a pres\u00f3&#8217;"},"content":{"rendered":"<p><a href=\"https:\/\/www.eldiario.es\/comunitat-valenciana\/manifestacion-recorre-sabado-benetusser-sedavi-alfafar-lema-mazon-preso_1_12940431.html\" data-type=\"link\" data-id=\"https:\/\/www.eldiario.es\/comunitat-valenciana\/manifestacion-recorre-sabado-benetusser-sedavi-alfafar-lema-mazon-preso_1_12940431.html\" target=\"_blank\" rel=\"noreferrer noopener\">ElDiario.es, 27 de gener de 2026: Una manifestaci\u00f3n recorre el s\u00e1bado Benet\u00fasser, Sedav\u00ed y Alfafar con el lema &#8216;Maz\u00f3n a pres\u00f3&#8217;<\/a><\/p>","protected":false},"excerpt":{"rendered":"<p>ElDiario.es, 27 de gener de 2026: Una manifestaci\u00f3n recorre el s\u00e1bado Benet\u00fasser, Sedav\u00ed y Alfafar con el lema &#8216;Maz\u00f3n a&#8230;<\/p>","protected":false},"author":8,"featured_media":0,"comment_status":"closed","ping_status":"","sticky":false,"template":"","format":"standard","meta":{"_kadence_starter_templates_imported_post":false,"_kad_post_transparent":"","_kad_post_title":"","_kad_post_layout":"","_kad_post_sidebar_id":"","_kad_post_content_style":"","_kad_post_vertical_padding":"","_kad_post_feature":"","_kad_post_feature_position":"","_kad_post_header":false,"_kad_post_footer":false,"_kad_post_classname":"","activitypub_content_warning":"","activitypub_content_visibility":"local","activitypub_max_image_attachments":4,"activitypub_interaction_policy_quote":"anyone","activitypub_status":"","footnotes":""},"categories":[9],"tags":[],"class_list":["post-1652","post","type-post","status-publish","format-standard","hentry","category-premsa"],"_links":{"self":[{"href":"https:\/\/comiteslocals.org\/cas\/wp-json\/wp\/v2\/posts\/1652","targetHints":{"allow":["GET"]}}],"collection":[{"href":"https:\/\/comiteslocals.org\/cas\/wp-json\/wp\/v2\/posts"}],"about":[{"href":"https:\/\/comiteslocals.org\/cas\/wp-json\/wp\/v2\/types\/post"}],"author":[{"embeddable":true,"href":"https:\/\/comiteslocals.org\/cas\/wp-json\/wp\/v2\/users\/8"}],"replies":[{"embeddable":true,"href":"https:\/\/comiteslocals.org\/cas\/wp-json\/wp\/v2\/comments?post=1652"}],"version-history":[{"count":2,"href":"https:\/\/comiteslocals.org\/cas\/wp-json\/wp\/v2\/posts\/1652\/revisions"}],"predecessor-version":[{"id":3374,"href":"https:\/\/comiteslocals.org\/cas\/wp-json\/wp\/v2\/posts\/1652\/revisions\/3374"}],"wp:attachment":[{"href":"https:\/\/comiteslocals.org\/cas\/wp-json\/wp\/v2\/media?parent=1652"}],"wp:term":[{"taxonomy":"category","embeddable":true,"href":"https:\/\/comiteslocals.org\/cas\/wp-json\/wp\/v2\/categories?post=1652"},{"taxonomy":"post_tag","embeddable":true,"href":"https:\/\/comiteslocals.org\/cas\/wp-json\/wp\/v2\/tags?post=1652"}],"curies":[{"name":"wp","href":"https:\/\/api.w.org\/{rel}","templated":true}]}}