{"id":1654,"date":"2026-01-27T17:11:25","date_gmt":"2026-01-27T16:11:25","guid":{"rendered":"https:\/\/comiteslocals.org\/?p=1654"},"modified":"2026-04-13T10:49:56","modified_gmt":"2026-04-13T08:49:56","slug":"mas-de-200-entidades-convocan-una-manifestacion-para-que-carlos-mazon-entregue-su-acta-de-diputado","status":"publish","type":"post","link":"https:\/\/comiteslocals.org\/cas\/mas-de-200-entidades-convocan-una-manifestacion-para-que-carlos-mazon-entregue-su-acta-de-diputado\/","title":{"rendered":"M\u00e1s de 200 entidades convocan una manifestaci\u00f3n para que Carlos Maz\u00f3n entregue su acta de diputado"},"content":{"rendered":"<p><a href=\"https:\/\/cadenaser.com\/comunitat-valenciana\/2026\/01\/27\/mas-de-200-entidades-convocan-una-manifestacion-para-que-carlos-mazon-entregue-su-acta-de-diputado-radio-valencia\/\" target=\"_blank\" rel=\"noreferrer noopener\">Cadena Ser, 27 de gener de 2026: M\u00e1s de 200 entidades convocan una manifestaci\u00f3n para que Carlos Maz\u00f3n entregue su acta de diputado<\/a><\/p>","protected":false},"excerpt":{"rendered":"<p>Cadena Ser, 27 de gener de 2026: M\u00e1s de 200 entidades convocan una manifestaci\u00f3n para que Carlos Maz\u00f3n entregue su&#8230;<\/p>","protected":false},"author":8,"featured_media":0,"comment_status":"closed","ping_status":"","sticky":false,"template":"","format":"standard","meta":{"_kadence_starter_templates_imported_post":false,"_kad_post_transparent":"","_kad_post_title":"","_kad_post_layout":"","_kad_post_sidebar_id":"","_kad_post_content_style":"","_kad_post_vertical_padding":"","_kad_post_feature":"","_kad_post_feature_position":"","_kad_post_header":false,"_kad_post_footer":false,"_kad_post_classname":"","activitypub_content_warning":"","activitypub_content_visibility":"local","activitypub_max_image_attachments":4,"activitypub_interaction_policy_quote":"anyone","activitypub_status":"","footnotes":""},"categories":[9],"tags":[],"class_list":["post-1654","post","type-post","status-publish","format-standard","hentry","category-premsa"],"_links":{"self":[{"href":"https:\/\/comiteslocals.org\/cas\/wp-json\/wp\/v2\/posts\/1654","targetHints":{"allow":["GET"]}}],"collection":[{"href":"https:\/\/comiteslocals.org\/cas\/wp-json\/wp\/v2\/posts"}],"about":[{"href":"https:\/\/comiteslocals.org\/cas\/wp-json\/wp\/v2\/types\/post"}],"author":[{"embeddable":true,"href":"https:\/\/comiteslocals.org\/cas\/wp-json\/wp\/v2\/users\/8"}],"replies":[{"embeddable":true,"href":"https:\/\/comiteslocals.org\/cas\/wp-json\/wp\/v2\/comments?post=1654"}],"version-history":[{"count":2,"href":"https:\/\/comiteslocals.org\/cas\/wp-json\/wp\/v2\/posts\/1654\/revisions"}],"predecessor-version":[{"id":3375,"href":"https:\/\/comiteslocals.org\/cas\/wp-json\/wp\/v2\/posts\/1654\/revisions\/3375"}],"wp:attachment":[{"href":"https:\/\/comiteslocals.org\/cas\/wp-json\/wp\/v2\/media?parent=1654"}],"wp:term":[{"taxonomy":"category","embeddable":true,"href":"https:\/\/comiteslocals.org\/cas\/wp-json\/wp\/v2\/categories?post=1654"},{"taxonomy":"post_tag","embeddable":true,"href":"https:\/\/comiteslocals.org\/cas\/wp-json\/wp\/v2\/tags?post=1654"}],"curies":[{"name":"wp","href":"https:\/\/api.w.org\/{rel}","templated":true}]}}