{"id":1664,"date":"2026-01-14T17:19:56","date_gmt":"2026-01-14T16:19:56","guid":{"rendered":"https:\/\/comiteslocals.org\/?p=1664"},"modified":"2026-04-13T10:51:28","modified_gmt":"2026-04-13T08:51:28","slug":"digitalizacion-de-la-gestion-de-catastrofes-naturales-una-mirada-desde-el-analisis-de-genero-inclusivo","status":"publish","type":"post","link":"https:\/\/comiteslocals.org\/cas\/digitalizacion-de-la-gestion-de-catastrofes-naturales-una-mirada-desde-el-analisis-de-genero-inclusivo\/","title":{"rendered":"Digitalizaci\u00f3n de la gesti\u00f3n de cat\u00e1strofes naturales: una mirada desde el an\u00e1lisis de g\u00e9nero inclusivo"},"content":{"rendered":"<p><a href=\"https:\/\/roderic.uv.es\/items\/459cd154-64c7-4bc3-80ee-72e31c2aed28\" target=\"_blank\" rel=\"noreferrer noopener\">Universitat de Val\u00e8ncia, 14 de gener de 2026: Digitalizaci\u00f3n de la gesti\u00f3n de cat\u00e1strofes naturales: una mirada desde el an\u00e1lisis de g\u00e9nero inclusivo<\/a><\/p>","protected":false},"excerpt":{"rendered":"<p>Universitat de Val\u00e8ncia, 14 de gener de 2026: Digitalizaci\u00f3n de la gesti\u00f3n de cat\u00e1strofes naturales: una mirada desde el an\u00e1lisis&#8230;<\/p>","protected":false},"author":8,"featured_media":0,"comment_status":"closed","ping_status":"","sticky":false,"template":"","format":"standard","meta":{"_kadence_starter_templates_imported_post":false,"_kad_post_transparent":"","_kad_post_title":"","_kad_post_layout":"","_kad_post_sidebar_id":"","_kad_post_content_style":"","_kad_post_vertical_padding":"","_kad_post_feature":"","_kad_post_feature_position":"","_kad_post_header":false,"_kad_post_footer":false,"_kad_post_classname":"","activitypub_content_warning":"","activitypub_content_visibility":"local","activitypub_max_image_attachments":4,"activitypub_interaction_policy_quote":"anyone","activitypub_status":"","footnotes":""},"categories":[10],"tags":[],"class_list":["post-1664","post","type-post","status-publish","format-standard","hentry","category-universitats"],"_links":{"self":[{"href":"https:\/\/comiteslocals.org\/cas\/wp-json\/wp\/v2\/posts\/1664","targetHints":{"allow":["GET"]}}],"collection":[{"href":"https:\/\/comiteslocals.org\/cas\/wp-json\/wp\/v2\/posts"}],"about":[{"href":"https:\/\/comiteslocals.org\/cas\/wp-json\/wp\/v2\/types\/post"}],"author":[{"embeddable":true,"href":"https:\/\/comiteslocals.org\/cas\/wp-json\/wp\/v2\/users\/8"}],"replies":[{"embeddable":true,"href":"https:\/\/comiteslocals.org\/cas\/wp-json\/wp\/v2\/comments?post=1664"}],"version-history":[{"count":2,"href":"https:\/\/comiteslocals.org\/cas\/wp-json\/wp\/v2\/posts\/1664\/revisions"}],"predecessor-version":[{"id":3391,"href":"https:\/\/comiteslocals.org\/cas\/wp-json\/wp\/v2\/posts\/1664\/revisions\/3391"}],"wp:attachment":[{"href":"https:\/\/comiteslocals.org\/cas\/wp-json\/wp\/v2\/media?parent=1664"}],"wp:term":[{"taxonomy":"category","embeddable":true,"href":"https:\/\/comiteslocals.org\/cas\/wp-json\/wp\/v2\/categories?post=1664"},{"taxonomy":"post_tag","embeddable":true,"href":"https:\/\/comiteslocals.org\/cas\/wp-json\/wp\/v2\/tags?post=1664"}],"curies":[{"name":"wp","href":"https:\/\/api.w.org\/{rel}","templated":true}]}}