{"id":1670,"date":"2025-12-23T17:27:48","date_gmt":"2025-12-23T16:27:48","guid":{"rendered":"https:\/\/comiteslocals.org\/?p=1670"},"modified":"2026-04-13T10:53:24","modified_gmt":"2026-04-13T08:53:24","slug":"victimas-de-la-dana-y-entidades-sociales-exigen-de-nuevo-el-acta-de-diputado-a-mazon-no-vamos-a-dejar-pasar-pagina","status":"publish","type":"post","link":"https:\/\/comiteslocals.org\/cas\/victimas-de-la-dana-y-entidades-sociales-exigen-de-nuevo-el-acta-de-diputado-a-mazon-no-vamos-a-dejar-pasar-pagina\/","title":{"rendered":"V\u00edctimas de la dana y entidades sociales exigen de nuevo el acta de diputado a Maz\u00f3n: \u201cNo vamos a dejar pasar p\u00e1gina\u201d"},"content":{"rendered":"<p><a href=\"https:\/\/elpais.com\/espana\/comunidad-valenciana\/2025-12-23\/victimas-de-la-dana-y-entidades-sociales-exigen-de-nuevo-el-acta-de-diputado-a-carlos-mazon.html\" target=\"_blank\" rel=\"noreferrer noopener\">El Pa\u00eds, 23 de decembre de 2025: V\u00edctimas de la dana y entidades sociales exigen de nuevo el acta de diputado a Maz\u00f3n: \u201cNo vamos a dejar pasar p\u00e1gina\u201d<\/a><\/p>","protected":false},"excerpt":{"rendered":"<p>El Pa\u00eds, 23 de decembre de 2025: V\u00edctimas de la dana y entidades sociales exigen de nuevo el acta de&#8230;<\/p>","protected":false},"author":8,"featured_media":0,"comment_status":"closed","ping_status":"","sticky":false,"template":"","format":"standard","meta":{"_kadence_starter_templates_imported_post":false,"_kad_post_transparent":"","_kad_post_title":"","_kad_post_layout":"","_kad_post_sidebar_id":"","_kad_post_content_style":"","_kad_post_vertical_padding":"","_kad_post_feature":"","_kad_post_feature_position":"","_kad_post_header":false,"_kad_post_footer":false,"_kad_post_classname":"","activitypub_content_warning":"","activitypub_content_visibility":"local","activitypub_max_image_attachments":4,"activitypub_interaction_policy_quote":"anyone","activitypub_status":"","footnotes":""},"categories":[9],"tags":[],"class_list":["post-1670","post","type-post","status-publish","format-standard","hentry","category-premsa"],"_links":{"self":[{"href":"https:\/\/comiteslocals.org\/cas\/wp-json\/wp\/v2\/posts\/1670","targetHints":{"allow":["GET"]}}],"collection":[{"href":"https:\/\/comiteslocals.org\/cas\/wp-json\/wp\/v2\/posts"}],"about":[{"href":"https:\/\/comiteslocals.org\/cas\/wp-json\/wp\/v2\/types\/post"}],"author":[{"embeddable":true,"href":"https:\/\/comiteslocals.org\/cas\/wp-json\/wp\/v2\/users\/8"}],"replies":[{"embeddable":true,"href":"https:\/\/comiteslocals.org\/cas\/wp-json\/wp\/v2\/comments?post=1670"}],"version-history":[{"count":2,"href":"https:\/\/comiteslocals.org\/cas\/wp-json\/wp\/v2\/posts\/1670\/revisions"}],"predecessor-version":[{"id":3406,"href":"https:\/\/comiteslocals.org\/cas\/wp-json\/wp\/v2\/posts\/1670\/revisions\/3406"}],"wp:attachment":[{"href":"https:\/\/comiteslocals.org\/cas\/wp-json\/wp\/v2\/media?parent=1670"}],"wp:term":[{"taxonomy":"category","embeddable":true,"href":"https:\/\/comiteslocals.org\/cas\/wp-json\/wp\/v2\/categories?post=1670"},{"taxonomy":"post_tag","embeddable":true,"href":"https:\/\/comiteslocals.org\/cas\/wp-json\/wp\/v2\/tags?post=1670"}],"curies":[{"name":"wp","href":"https:\/\/api.w.org\/{rel}","templated":true}]}}