{"id":1672,"date":"2025-12-22T17:29:49","date_gmt":"2025-12-22T16:29:49","guid":{"rendered":"https:\/\/comiteslocals.org\/?p=1672"},"modified":"2026-04-13T10:53:10","modified_gmt":"2026-04-13T08:53:10","slug":"los-comites-de-emergencia-posdana-piden-llevar-a-la-justicia-a-los-responsables-de-la-organizacion-revuelta","status":"publish","type":"post","link":"https:\/\/comiteslocals.org\/cas\/los-comites-de-emergencia-posdana-piden-llevar-a-la-justicia-a-los-responsables-de-la-organizacion-revuelta\/","title":{"rendered":"Los comit\u00e9s de emergencia posdana piden llevar a la justicia a los responsables de la organizaci\u00f3n Revuelta"},"content":{"rendered":"<p><a href=\"https:\/\/www.larazon.es\/comunidad-valenciana\/comites-emergencia-posdana-piden-llevar-justicia-responsables-organizacion-revuelta_20251222694912a422f0db7daffab0fa.html\" target=\"_blank\" rel=\"noreferrer noopener\">La Raz\u00f3n, 22 de decembre de 2025: Los comit\u00e9s de emergencia posdana piden llevar a la justicia a los responsables de la organizaci\u00f3n Revuelta<\/a><\/p>","protected":false},"excerpt":{"rendered":"<p>La Raz\u00f3n, 22 de decembre de 2025: Los comit\u00e9s de emergencia posdana piden llevar a la justicia a los responsables&#8230;<\/p>","protected":false},"author":8,"featured_media":0,"comment_status":"closed","ping_status":"","sticky":false,"template":"","format":"standard","meta":{"_kadence_starter_templates_imported_post":false,"_kad_post_transparent":"","_kad_post_title":"","_kad_post_layout":"","_kad_post_sidebar_id":"","_kad_post_content_style":"","_kad_post_vertical_padding":"","_kad_post_feature":"","_kad_post_feature_position":"","_kad_post_header":false,"_kad_post_footer":false,"_kad_post_classname":"","activitypub_content_warning":"","activitypub_content_visibility":"local","activitypub_max_image_attachments":4,"activitypub_interaction_policy_quote":"anyone","activitypub_status":"","footnotes":""},"categories":[9],"tags":[],"class_list":["post-1672","post","type-post","status-publish","format-standard","hentry","category-premsa"],"_links":{"self":[{"href":"https:\/\/comiteslocals.org\/cas\/wp-json\/wp\/v2\/posts\/1672","targetHints":{"allow":["GET"]}}],"collection":[{"href":"https:\/\/comiteslocals.org\/cas\/wp-json\/wp\/v2\/posts"}],"about":[{"href":"https:\/\/comiteslocals.org\/cas\/wp-json\/wp\/v2\/types\/post"}],"author":[{"embeddable":true,"href":"https:\/\/comiteslocals.org\/cas\/wp-json\/wp\/v2\/users\/8"}],"replies":[{"embeddable":true,"href":"https:\/\/comiteslocals.org\/cas\/wp-json\/wp\/v2\/comments?post=1672"}],"version-history":[{"count":2,"href":"https:\/\/comiteslocals.org\/cas\/wp-json\/wp\/v2\/posts\/1672\/revisions"}],"predecessor-version":[{"id":3404,"href":"https:\/\/comiteslocals.org\/cas\/wp-json\/wp\/v2\/posts\/1672\/revisions\/3404"}],"wp:attachment":[{"href":"https:\/\/comiteslocals.org\/cas\/wp-json\/wp\/v2\/media?parent=1672"}],"wp:term":[{"taxonomy":"category","embeddable":true,"href":"https:\/\/comiteslocals.org\/cas\/wp-json\/wp\/v2\/categories?post=1672"},{"taxonomy":"post_tag","embeddable":true,"href":"https:\/\/comiteslocals.org\/cas\/wp-json\/wp\/v2\/tags?post=1672"}],"curies":[{"name":"wp","href":"https:\/\/api.w.org\/{rel}","templated":true}]}}