{"id":1690,"date":"2026-02-26T10:06:00","date_gmt":"2026-02-26T09:06:00","guid":{"rendered":"https:\/\/comiteslocals.org\/?p=1690"},"modified":"2026-04-14T11:10:13","modified_gmt":"2026-04-14T09:10:13","slug":"els-cler-i-lassociacio-de-damnificats-dana-horta-sud-treballem-per-a-que-la-ciutadania-estiga-formada-front-a-les-emergencies","status":"publish","type":"post","link":"https:\/\/comiteslocals.org\/cas\/els-cler-i-lassociacio-de-damnificats-dana-horta-sud-treballem-per-a-que-la-ciutadania-estiga-formada-front-a-les-emergencies\/","title":{"rendered":"Els CLER i l&#8217;Associaci\u00f3 de Damnificats DANA Horta Sud treballem per a que la ciutadania estiga formada front a les emerg\u00e8ncies"},"content":{"rendered":"<figure class=\"wp-block-image size-full\"><img loading=\"lazy\" decoding=\"async\" width=\"605\" height=\"756\" src=\"https:\/\/comiteslocals.org\/wp-content\/uploads\/2026\/02\/imagen.png\" alt=\"\" class=\"wp-image-1691\" srcset=\"https:\/\/comiteslocals.org\/wp-content\/uploads\/2026\/02\/imagen.png 605w, https:\/\/comiteslocals.org\/wp-content\/uploads\/2026\/02\/imagen-240x300.png 240w, https:\/\/comiteslocals.org\/wp-content\/uploads\/2026\/02\/imagen-10x12.png 10w\" sizes=\"auto, (max-width: 605px) 100vw, 605px\" \/><\/figure>\n\n\n\n<p>Els Comit\u00e9s Locals d&#8217;Emerg\u00e8ncia i Reconstrucci\u00f3 (CLER) s\u00f3n agrupacions ve\u00efnals que van sorgir del suport mutu despr\u00e9s de la DANA del 29-10-2024. Els CLER promovem la participaci\u00f3 activa de les ve\u00efnes i ve\u00efns en les decisions que ens afecten.<\/p>\n\n\n\n<p>\ud83c\udf0a\u2614\ufe0f\u26a1\ufe0f\ud83d\udd25\ud83c\udf21\u2744\ufe0f\ud83d\udca8 Uns dels objectius dels CLER \u00e9s que el ve\u00efnat estiga format front a properes emerg\u00e8ncies i per aquest motiu vam tenir una reuni\u00f3 el passat dimarts 17 de febrer amb el president de la Mancomunitat de l&#8217;Horta Sud , Jos\u00e9 F. Cabanes i altres persones de l&#8217;entitat. En aquesta reuni\u00f3 vam assistir representants dels CLER d&#8217;Albal, Aldaia i Sedav\u00ed, junt al president de l&#8217;Associaci\u00f3 de Damnificats per la DANA de l&#8217;Horta Sud, el director de la C\u00e0tedra MESVAL-UV, Jos\u00e9 Manuel Pastor, i la professora Manuela Pardo, de l&#8217;equip de la c\u00e0tedra.<\/p>\n\n\n\n<p>\ud83c\udf93\ud83d\udc69\ud83c\udffb\u200d\ud83c\udfeb L&#8217;objectiu de la reuni\u00f3 era traslladar la necessitat d&#8217;aconseguir que la ciutadania de l&#8217;Horta Sud estiga formada davant properes emerg\u00e8ncies, i per tal cosa els representants de la c\u00e0tedra MESVAL de la Universitat de Val\u00e8ncia presentaren a la Mancomunitat de l&#8217;Horta Sud el seu projecte Val\u00e8ncia + Segura de formaci\u00f3 de la ciutadania davant de les emerg\u00e8ncies, que ja s&#8217;est\u00e0 implantant a la ciutat de Val\u00e8ncia. Aquest projecte est\u00e0 desenvolupant-se a diferents nivells (centres escolars d&#8217;educaci\u00f3 prim\u00e0ria i second\u00e0ria, associacions ve\u00efnals, centres de majors, associacions de persones amb discapacitat, empreses, etc\u2026). Els CLER vam proposar que aquests materials per a la formaci\u00f3 en emerg\u00e8ncies s&#8217;aprofiten per extendre el pla de formaci\u00f3 als municipis de l&#8217;Horta Sud.<\/p>\n\n\n\n<p>\ud83d\udcca En una segona part de la reuni\u00f3 la Mancomunitat de l&#8217;Horta Sud ens va informar als CLER i a l&#8217;Associaci\u00f3 de Damnificats per la DANA d&#8217;una col.laboraci\u00f3 amb la regi\u00f3 alemanya del vall d&#8217;Ahr que va sofrir tamb\u00e9 inundacions catastr\u00f2fiques a l&#8217;any 2021. A m\u00e9s la Mancomunitat ens va mostrar materials d&#8217;elaboraci\u00f3 pr\u00f2pia per la preparaci\u00f2 davant les emerg\u00e8ncies que seran presentats en poc temps.<\/p>","protected":false},"excerpt":{"rendered":"<p>Els Comit\u00e9s Locals d&#8217;Emerg\u00e8ncia i Reconstrucci\u00f3 (CLER) s\u00f3n agrupacions ve\u00efnals que van sorgir del suport mutu despr\u00e9s de la DANA&#8230;<\/p>","protected":false},"author":8,"featured_media":0,"comment_status":"open","ping_status":"","sticky":false,"template":"","format":"standard","meta":{"_kadence_starter_templates_imported_post":false,"_kad_post_transparent":"","_kad_post_title":"","_kad_post_layout":"","_kad_post_sidebar_id":"","_kad_post_content_style":"","_kad_post_vertical_padding":"","_kad_post_feature":"","_kad_post_feature_position":"","_kad_post_header":false,"_kad_post_footer":false,"_kad_post_classname":"","activitypub_content_warning":"","activitypub_content_visibility":"","activitypub_max_image_attachments":4,"activitypub_interaction_policy_quote":"anyone","activitypub_status":"federated","footnotes":""},"categories":[8],"tags":[],"class_list":["post-1690","post","type-post","status-publish","format-standard","hentry","category-blog"],"_links":{"self":[{"href":"https:\/\/comiteslocals.org\/cas\/wp-json\/wp\/v2\/posts\/1690","targetHints":{"allow":["GET"]}}],"collection":[{"href":"https:\/\/comiteslocals.org\/cas\/wp-json\/wp\/v2\/posts"}],"about":[{"href":"https:\/\/comiteslocals.org\/cas\/wp-json\/wp\/v2\/types\/post"}],"author":[{"embeddable":true,"href":"https:\/\/comiteslocals.org\/cas\/wp-json\/wp\/v2\/users\/8"}],"replies":[{"embeddable":true,"href":"https:\/\/comiteslocals.org\/cas\/wp-json\/wp\/v2\/comments?post=1690"}],"version-history":[{"count":3,"href":"https:\/\/comiteslocals.org\/cas\/wp-json\/wp\/v2\/posts\/1690\/revisions"}],"predecessor-version":[{"id":1746,"href":"https:\/\/comiteslocals.org\/cas\/wp-json\/wp\/v2\/posts\/1690\/revisions\/1746"}],"wp:attachment":[{"href":"https:\/\/comiteslocals.org\/cas\/wp-json\/wp\/v2\/media?parent=1690"}],"wp:term":[{"taxonomy":"category","embeddable":true,"href":"https:\/\/comiteslocals.org\/cas\/wp-json\/wp\/v2\/categories?post=1690"},{"taxonomy":"post_tag","embeddable":true,"href":"https:\/\/comiteslocals.org\/cas\/wp-json\/wp\/v2\/tags?post=1690"}],"curies":[{"name":"wp","href":"https:\/\/api.w.org\/{rel}","templated":true}]}}