{"id":1705,"date":"2025-12-18T11:49:47","date_gmt":"2025-12-18T10:49:47","guid":{"rendered":"https:\/\/comiteslocals.org\/?p=1705"},"modified":"2026-04-13T10:55:01","modified_gmt":"2026-04-13T08:55:01","slug":"el-formigo-agreujara-limpacte-de-les-riuades-entitats-veinals-i-ecologistes-rebutgen-entubar-el-barranc-de-la-saleta","status":"publish","type":"post","link":"https:\/\/comiteslocals.org\/cas\/el-formigo-agreujara-limpacte-de-les-riuades-entitats-veinals-i-ecologistes-rebutgen-entubar-el-barranc-de-la-saleta\/","title":{"rendered":"&#8220;El formig\u00f3 agreujar\u00e0 l&#8217;impacte de les riuades&#8221;: entitats ve\u00efnals i ecologistes rebutgen entubar el barranc de La Saleta"},"content":{"rendered":"<p><a href=\"https:\/\/directa.cat\/el-formigo-agreujara-limpacte-de-les-riuades-entitats-veinals-i-ecologistes-rebutgen-entubar-el-barranc-de-la-saleta\/\" target=\"_blank\" rel=\"noreferrer noopener\">Directa.cat, 18 de decembre de 2025: &#8220;El formig\u00f3 agreujar\u00e0 l&#8217;impacte de les riuades&#8221;: entitats ve\u00efnals i ecologistes rebutgen entubar el barranc de La Saleta<\/a><\/p>","protected":false},"excerpt":{"rendered":"<p>Directa.cat, 18 de decembre de 2025: &#8220;El formig\u00f3 agreujar\u00e0 l&#8217;impacte de les riuades&#8221;: entitats ve\u00efnals i ecologistes rebutgen entubar el&#8230;<\/p>","protected":false},"author":8,"featured_media":0,"comment_status":"closed","ping_status":"","sticky":false,"template":"","format":"standard","meta":{"_kadence_starter_templates_imported_post":false,"_kad_post_transparent":"","_kad_post_title":"","_kad_post_layout":"","_kad_post_sidebar_id":"","_kad_post_content_style":"","_kad_post_vertical_padding":"","_kad_post_feature":"","_kad_post_feature_position":"","_kad_post_header":false,"_kad_post_footer":false,"_kad_post_classname":"","activitypub_content_warning":"","activitypub_content_visibility":"","activitypub_max_image_attachments":4,"activitypub_interaction_policy_quote":"anyone","activitypub_status":"federated","footnotes":""},"categories":[9],"tags":[],"class_list":["post-1705","post","type-post","status-publish","format-standard","hentry","category-premsa"],"_links":{"self":[{"href":"https:\/\/comiteslocals.org\/cas\/wp-json\/wp\/v2\/posts\/1705","targetHints":{"allow":["GET"]}}],"collection":[{"href":"https:\/\/comiteslocals.org\/cas\/wp-json\/wp\/v2\/posts"}],"about":[{"href":"https:\/\/comiteslocals.org\/cas\/wp-json\/wp\/v2\/types\/post"}],"author":[{"embeddable":true,"href":"https:\/\/comiteslocals.org\/cas\/wp-json\/wp\/v2\/users\/8"}],"replies":[{"embeddable":true,"href":"https:\/\/comiteslocals.org\/cas\/wp-json\/wp\/v2\/comments?post=1705"}],"version-history":[{"count":2,"href":"https:\/\/comiteslocals.org\/cas\/wp-json\/wp\/v2\/posts\/1705\/revisions"}],"predecessor-version":[{"id":3421,"href":"https:\/\/comiteslocals.org\/cas\/wp-json\/wp\/v2\/posts\/1705\/revisions\/3421"}],"wp:attachment":[{"href":"https:\/\/comiteslocals.org\/cas\/wp-json\/wp\/v2\/media?parent=1705"}],"wp:term":[{"taxonomy":"category","embeddable":true,"href":"https:\/\/comiteslocals.org\/cas\/wp-json\/wp\/v2\/categories?post=1705"},{"taxonomy":"post_tag","embeddable":true,"href":"https:\/\/comiteslocals.org\/cas\/wp-json\/wp\/v2\/tags?post=1705"}],"curies":[{"name":"wp","href":"https:\/\/api.w.org\/{rel}","templated":true}]}}