{"id":1708,"date":"2025-12-16T11:53:47","date_gmt":"2025-12-16T10:53:47","guid":{"rendered":"https:\/\/comiteslocals.org\/?p=1708"},"modified":"2026-04-20T15:05:13","modified_gmt":"2026-04-20T13:05:13","slug":"la-xarxa-veinal-de-comunicacio-dels-clers-en-a-punt","status":"publish","type":"post","link":"https:\/\/comiteslocals.org\/cas\/la-xarxa-veinal-de-comunicacio-dels-clers-en-a-punt\/","title":{"rendered":"La xarxa ve\u00efnal de comunicaci\u00f3 dels CLERs, en \u00c0 Punt"},"content":{"rendered":"<p>\u00c0 Punt, 16 de decembre de 2025:<\/p>\n\n\n\n<figure class=\"wp-block-video\"><video height=\"850\" style=\"aspect-ratio: 390 \/ 850;\" width=\"390\" controls src=\"https:\/\/comiteslocals.org\/wp-content\/uploads\/2026\/02\/video5839450089831013817.mp4\"><\/video><\/figure>","protected":false},"excerpt":{"rendered":"<p>\u00c0 Punt, 16 de decembre de 2025:<\/p>","protected":false},"author":8,"featured_media":0,"comment_status":"closed","ping_status":"","sticky":false,"template":"","format":"standard","meta":{"_kadence_starter_templates_imported_post":false,"_kad_post_transparent":"","_kad_post_title":"","_kad_post_layout":"","_kad_post_sidebar_id":"","_kad_post_content_style":"","_kad_post_vertical_padding":"","_kad_post_feature":"","_kad_post_feature_position":"","_kad_post_header":false,"_kad_post_footer":false,"_kad_post_classname":"","activitypub_content_warning":"","activitypub_content_visibility":"","activitypub_max_image_attachments":4,"activitypub_interaction_policy_quote":"anyone","activitypub_status":"federated","footnotes":""},"categories":[9],"tags":[],"class_list":["post-1708","post","type-post","status-publish","format-standard","hentry","category-premsa"],"_links":{"self":[{"href":"https:\/\/comiteslocals.org\/cas\/wp-json\/wp\/v2\/posts\/1708","targetHints":{"allow":["GET"]}}],"collection":[{"href":"https:\/\/comiteslocals.org\/cas\/wp-json\/wp\/v2\/posts"}],"about":[{"href":"https:\/\/comiteslocals.org\/cas\/wp-json\/wp\/v2\/types\/post"}],"author":[{"embeddable":true,"href":"https:\/\/comiteslocals.org\/cas\/wp-json\/wp\/v2\/users\/8"}],"replies":[{"embeddable":true,"href":"https:\/\/comiteslocals.org\/cas\/wp-json\/wp\/v2\/comments?post=1708"}],"version-history":[{"count":2,"href":"https:\/\/comiteslocals.org\/cas\/wp-json\/wp\/v2\/posts\/1708\/revisions"}],"predecessor-version":[{"id":1722,"href":"https:\/\/comiteslocals.org\/cas\/wp-json\/wp\/v2\/posts\/1708\/revisions\/1722"}],"wp:attachment":[{"href":"https:\/\/comiteslocals.org\/cas\/wp-json\/wp\/v2\/media?parent=1708"}],"wp:term":[{"taxonomy":"category","embeddable":true,"href":"https:\/\/comiteslocals.org\/cas\/wp-json\/wp\/v2\/categories?post=1708"},{"taxonomy":"post_tag","embeddable":true,"href":"https:\/\/comiteslocals.org\/cas\/wp-json\/wp\/v2\/tags?post=1708"}],"curies":[{"name":"wp","href":"https:\/\/api.w.org\/{rel}","templated":true}]}}