{"id":1724,"date":"2026-02-08T08:25:43","date_gmt":"2026-02-08T07:25:43","guid":{"rendered":"https:\/\/comiteslocals.org\/?p=1724"},"modified":"2026-04-16T19:34:30","modified_gmt":"2026-04-16T17:34:30","slug":"mobilitat-sostenible-reunions-amb-regidories-en-benetusser-i-sedavi","status":"publish","type":"post","link":"https:\/\/comiteslocals.org\/cas\/mobilitat-sostenible-reunions-amb-regidories-en-benetusser-i-sedavi\/","title":{"rendered":"Mobilitat sostenible: reunions amb regidories en Benet\u00fasser i Sedav\u00ed"},"content":{"rendered":"<figure class=\"wp-block-image size-full\"><img loading=\"lazy\" decoding=\"async\" width=\"605\" height=\"756\" src=\"https:\/\/comiteslocals.org\/wp-content\/uploads\/2026\/02\/6feb.jpeg\" alt=\"\" class=\"wp-image-1725\" srcset=\"https:\/\/comiteslocals.org\/wp-content\/uploads\/2026\/02\/6feb.jpeg 605w, https:\/\/comiteslocals.org\/wp-content\/uploads\/2026\/02\/6feb-240x300.jpeg 240w, https:\/\/comiteslocals.org\/wp-content\/uploads\/2026\/02\/6feb-10x12.jpeg 10w\" sizes=\"auto, (max-width: 605px) 100vw, 605px\" \/><\/figure>\n\n\n\n<p>\ud83d\ude8d\ud83d\ude89\ud83d\udeb2\ud83d\udeb6\ud83c\udffb\u200d\u2640\ufe0fEl divendres 6 de febrer va tindre lloc una reuni\u00f3 de representants dels CLER de Sedav\u00ed i Benet\u00fasser dels projectes de Soterranya (associaci\u00f3 que va donar m\u00e9s de 2000 bicicletes a persones afectades per la DANA) i de la Cooperativa Alterna Coop de cotxes el\u00e8ctrics compartits, amb L\u00edvia Guillem, regidora d&#8217;urbanisme, sanitat i participaci\u00f3 ciutadana, i l&#8217;Agent de Desenvolupament Local (ADL) de l&#8217;Ajuntament de Benet\u00fasser.<\/p>\n\n\n\n<p>Des dels CLER proposem una mobilitat en la qual el cotxe particular reduisca la seua import\u00e0ncia, incrementant l&#8217;us del transport p\u00fablic, i els despla\u00e7aments a peu i en bicicleta. Tamb\u00e9 apostem per l&#8217;\u00fas de cooperatives de cotxes el\u00e8ctrics compartits quan el cotxe siga necessari.<\/p>\n\n\n\n<p>Soterranya va plantejar la situaci\u00f3 de mobilitat de la zona i la necessitat d&#8217;una infraestructura ciclista adequada. Per la seua part Alterna Coop va oferir als ajuntaments serveis de cotxe el\u00e8ctric compartit per a la ciutadania.<\/p>\n\n\n\n<p>L\u00edvia Guillem s&#8217;ha comprom\u00e8s a compartir els projectes amb l&#8217;equip de govern per tal de donar una resposta sostenible a la mobilitat a Benet\u00fasser. A m\u00e9s, el passat octubre de 2025, un representant del CLER de Sedav\u00ed i un altre d&#8217;Alterna Coop van assistir a una reuni\u00f3 an\u00e0loga amb Joan Bauxali, regidor de mobilitat i medi ambient de Sedav\u00ed, i la t\u00e8cnic de mobilitat de l&#8217;ajuntament.<\/p>","protected":false},"excerpt":{"rendered":"<p>\ud83d\ude8d\ud83d\ude89\ud83d\udeb2\ud83d\udeb6\ud83c\udffb\u200d\u2640\ufe0fEl divendres 6 de febrer va tindre lloc una reuni\u00f3 de representants dels CLER de Sedav\u00ed i Benet\u00fasser dels projectes&#8230;<\/p>","protected":false},"author":8,"featured_media":0,"comment_status":"closed","ping_status":"closed","sticky":false,"template":"","format":"standard","meta":{"_kadence_starter_templates_imported_post":false,"_kad_post_transparent":"","_kad_post_title":"","_kad_post_layout":"","_kad_post_sidebar_id":"","_kad_post_content_style":"","_kad_post_vertical_padding":"","_kad_post_feature":"","_kad_post_feature_position":"","_kad_post_header":false,"_kad_post_footer":false,"_kad_post_classname":"","activitypub_content_warning":"","activitypub_content_visibility":"","activitypub_max_image_attachments":4,"activitypub_interaction_policy_quote":"anyone","activitypub_status":"federated","footnotes":""},"categories":[8],"tags":[28,29,24],"class_list":["post-1724","post","type-post","status-publish","format-standard","hentry","category-blog","tag-bici","tag-carsharing","tag-mobilitatsostenible"],"_links":{"self":[{"href":"https:\/\/comiteslocals.org\/cas\/wp-json\/wp\/v2\/posts\/1724","targetHints":{"allow":["GET"]}}],"collection":[{"href":"https:\/\/comiteslocals.org\/cas\/wp-json\/wp\/v2\/posts"}],"about":[{"href":"https:\/\/comiteslocals.org\/cas\/wp-json\/wp\/v2\/types\/post"}],"author":[{"embeddable":true,"href":"https:\/\/comiteslocals.org\/cas\/wp-json\/wp\/v2\/users\/8"}],"replies":[{"embeddable":true,"href":"https:\/\/comiteslocals.org\/cas\/wp-json\/wp\/v2\/comments?post=1724"}],"version-history":[{"count":2,"href":"https:\/\/comiteslocals.org\/cas\/wp-json\/wp\/v2\/posts\/1724\/revisions"}],"predecessor-version":[{"id":3883,"href":"https:\/\/comiteslocals.org\/cas\/wp-json\/wp\/v2\/posts\/1724\/revisions\/3883"}],"wp:attachment":[{"href":"https:\/\/comiteslocals.org\/cas\/wp-json\/wp\/v2\/media?parent=1724"}],"wp:term":[{"taxonomy":"category","embeddable":true,"href":"https:\/\/comiteslocals.org\/cas\/wp-json\/wp\/v2\/categories?post=1724"},{"taxonomy":"post_tag","embeddable":true,"href":"https:\/\/comiteslocals.org\/cas\/wp-json\/wp\/v2\/tags?post=1724"}],"curies":[{"name":"wp","href":"https:\/\/api.w.org\/{rel}","templated":true}]}}