{"id":1771,"date":"2025-05-22T09:05:09","date_gmt":"2025-05-22T07:05:09","guid":{"rendered":"https:\/\/comiteslocals.org\/?p=1771"},"modified":"2026-03-19T10:31:29","modified_gmt":"2026-03-19T09:31:29","slug":"el-pais-valencia-se-prepara-para-la-huelga-general-del-29-de-mayo-contra-la-gestion-de-mazon","status":"publish","type":"post","link":"https:\/\/comiteslocals.org\/cas\/el-pais-valencia-se-prepara-para-la-huelga-general-del-29-de-mayo-contra-la-gestion-de-mazon\/","title":{"rendered":"El Pa\u00eds Valenci\u00e0 es prepara per a la vaga general del 29 de maig contra la gesti\u00f3 de Maz\u00f3n"},"content":{"rendered":"<p><a href=\"https:\/\/www.elsaltodiario.com\/valenciano\/pais-valencia-es-prepara-per-vaga-general-del-29-maig-gestio-mazon\">El Salto Diario, 22 de maig de 2025: El Pa\u00eds Valenci\u00e0 es prepara per a la vaga general del 29 de maig contra la gesti\u00f3 de Maz\u00f3n<\/a><\/p>\n\n\n\n<p><\/p>","protected":false},"excerpt":{"rendered":"<p>El Salto Diario, 22 de maig de 2025: El Pa\u00eds Valenci\u00e0 es prepara per a la vaga general del 29&#8230;<\/p>","protected":false},"author":8,"featured_media":0,"comment_status":"closed","ping_status":"","sticky":false,"template":"","format":"standard","meta":{"_kadence_starter_templates_imported_post":false,"_kad_post_transparent":"","_kad_post_title":"","_kad_post_layout":"","_kad_post_sidebar_id":"","_kad_post_content_style":"","_kad_post_vertical_padding":"","_kad_post_feature":"","_kad_post_feature_position":"","_kad_post_header":false,"_kad_post_footer":false,"_kad_post_classname":"","activitypub_content_warning":"","activitypub_content_visibility":"","activitypub_max_image_attachments":4,"activitypub_interaction_policy_quote":"anyone","activitypub_status":"federated","footnotes":""},"categories":[9],"tags":[],"class_list":["post-1771","post","type-post","status-publish","format-standard","hentry","category-premsa"],"_links":{"self":[{"href":"https:\/\/comiteslocals.org\/cas\/wp-json\/wp\/v2\/posts\/1771","targetHints":{"allow":["GET"]}}],"collection":[{"href":"https:\/\/comiteslocals.org\/cas\/wp-json\/wp\/v2\/posts"}],"about":[{"href":"https:\/\/comiteslocals.org\/cas\/wp-json\/wp\/v2\/types\/post"}],"author":[{"embeddable":true,"href":"https:\/\/comiteslocals.org\/cas\/wp-json\/wp\/v2\/users\/8"}],"replies":[{"embeddable":true,"href":"https:\/\/comiteslocals.org\/cas\/wp-json\/wp\/v2\/comments?post=1771"}],"version-history":[{"count":2,"href":"https:\/\/comiteslocals.org\/cas\/wp-json\/wp\/v2\/posts\/1771\/revisions"}],"predecessor-version":[{"id":2466,"href":"https:\/\/comiteslocals.org\/cas\/wp-json\/wp\/v2\/posts\/1771\/revisions\/2466"}],"wp:attachment":[{"href":"https:\/\/comiteslocals.org\/cas\/wp-json\/wp\/v2\/media?parent=1771"}],"wp:term":[{"taxonomy":"category","embeddable":true,"href":"https:\/\/comiteslocals.org\/cas\/wp-json\/wp\/v2\/categories?post=1771"},{"taxonomy":"post_tag","embeddable":true,"href":"https:\/\/comiteslocals.org\/cas\/wp-json\/wp\/v2\/tags?post=1771"}],"curies":[{"name":"wp","href":"https:\/\/api.w.org\/{rel}","templated":true}]}}