{"id":1780,"date":"2026-02-25T09:17:12","date_gmt":"2026-02-25T08:17:12","guid":{"rendered":"https:\/\/comiteslocals.org\/?p=1780"},"modified":"2026-04-13T10:41:24","modified_gmt":"2026-04-13T08:41:24","slug":"los-comites-locales-de-los-municipios-afectados-por-la-dana-se-reunen-con-la-confederacion-hidrografica-del-jucar","status":"publish","type":"post","link":"https:\/\/comiteslocals.org\/cas\/los-comites-locales-de-los-municipios-afectados-por-la-dana-se-reunen-con-la-confederacion-hidrografica-del-jucar\/","title":{"rendered":"Los Comit\u00e9s Locales de los municipios afectados por la DANA se re\u00fanen con la Confederaci\u00f3n Hidrogr\u00e1fica del J\u00facar"},"content":{"rendered":"<p><a href=\"https:\/\/www.tercerainformacion.es\/articulo\/actualidad\/pais-valencia\/25\/02\/2026\/los-comites-locales-de-los-municipios-afectados-por-la-dana-se-reunen-con-la-confederacion-hidrografica-del-jucar\/\" target=\"_blank\" rel=\"noreferrer noopener\">Tercera Informaci\u00f3n, 25 de febrer de 2026: Los Comit\u00e9s Locales de los municipios afectados por la DANA se re\u00fanen con la Confederaci\u00f3n Hidrogr\u00e1fica del J\u00facar<\/a><\/p>","protected":false},"excerpt":{"rendered":"<p>Tercera Informaci\u00f3n, 25 de febrer de 2026: Los Comit\u00e9s Locales de los municipios afectados por la DANA se re\u00fanen con&#8230;<\/p>","protected":false},"author":8,"featured_media":0,"comment_status":"closed","ping_status":"","sticky":false,"template":"","format":"standard","meta":{"_kadence_starter_templates_imported_post":false,"_kad_post_transparent":"","_kad_post_title":"","_kad_post_layout":"","_kad_post_sidebar_id":"","_kad_post_content_style":"","_kad_post_vertical_padding":"","_kad_post_feature":"","_kad_post_feature_position":"","_kad_post_header":false,"_kad_post_footer":false,"_kad_post_classname":"","activitypub_content_warning":"","activitypub_content_visibility":"","activitypub_max_image_attachments":4,"activitypub_interaction_policy_quote":"anyone","activitypub_status":"federated","footnotes":""},"categories":[9],"tags":[],"class_list":["post-1780","post","type-post","status-publish","format-standard","hentry","category-premsa"],"_links":{"self":[{"href":"https:\/\/comiteslocals.org\/cas\/wp-json\/wp\/v2\/posts\/1780","targetHints":{"allow":["GET"]}}],"collection":[{"href":"https:\/\/comiteslocals.org\/cas\/wp-json\/wp\/v2\/posts"}],"about":[{"href":"https:\/\/comiteslocals.org\/cas\/wp-json\/wp\/v2\/types\/post"}],"author":[{"embeddable":true,"href":"https:\/\/comiteslocals.org\/cas\/wp-json\/wp\/v2\/users\/8"}],"replies":[{"embeddable":true,"href":"https:\/\/comiteslocals.org\/cas\/wp-json\/wp\/v2\/comments?post=1780"}],"version-history":[{"count":2,"href":"https:\/\/comiteslocals.org\/cas\/wp-json\/wp\/v2\/posts\/1780\/revisions"}],"predecessor-version":[{"id":3325,"href":"https:\/\/comiteslocals.org\/cas\/wp-json\/wp\/v2\/posts\/1780\/revisions\/3325"}],"wp:attachment":[{"href":"https:\/\/comiteslocals.org\/cas\/wp-json\/wp\/v2\/media?parent=1780"}],"wp:term":[{"taxonomy":"category","embeddable":true,"href":"https:\/\/comiteslocals.org\/cas\/wp-json\/wp\/v2\/categories?post=1780"},{"taxonomy":"post_tag","embeddable":true,"href":"https:\/\/comiteslocals.org\/cas\/wp-json\/wp\/v2\/tags?post=1780"}],"curies":[{"name":"wp","href":"https:\/\/api.w.org\/{rel}","templated":true}]}}