{"id":1825,"date":"2026-03-02T17:08:26","date_gmt":"2026-03-02T16:08:26","guid":{"rendered":"https:\/\/comiteslocals.org\/?p=1825"},"modified":"2026-04-13T10:12:05","modified_gmt":"2026-04-13T08:12:05","slug":"els-cler-exigixen-a-catala-que-retire-a-ledil-olano-de-la-comissio-mixta-despres-dels-seus-atacs-als-veins","status":"publish","type":"post","link":"https:\/\/comiteslocals.org\/cas\/els-cler-exigixen-a-catala-que-retire-a-ledil-olano-de-la-comissio-mixta-despres-dels-seus-atacs-als-veins\/","title":{"rendered":"Els CLER exigixen a Catal\u00e1 que retire a l&#8217;edil Olano de la comissi\u00f3 mixta despr\u00e9s dels seus &#8220;atacs&#8221; als ve\u00efns"},"content":{"rendered":"<p><a href=\"https:\/\/www.europapress.es\/valencia\/noticia-els-cler-exigixen-catala-retire-ledil-olano-comissio-mixta-despres-dels-seus-atacs-als-veins-20260302104148.html\" target=\"_blank\" rel=\"noreferrer noopener\">Europa Press, 2 de mar\u00e7 de 2026: Els CLER exigixen a Catal\u00e1 que retire a l&#8217;edil Olano de la comissi\u00f3 mixta despr\u00e9s dels seus &#8220;atacs&#8221; als ve\u00efns<\/a><\/p>","protected":false},"excerpt":{"rendered":"<p>Europa Press, 2 de mar\u00e7 de 2026: Els CLER exigixen a Catal\u00e1 que retire a l&#8217;edil Olano de la comissi\u00f3&#8230;<\/p>","protected":false},"author":8,"featured_media":0,"comment_status":"closed","ping_status":"","sticky":false,"template":"","format":"standard","meta":{"_kadence_starter_templates_imported_post":false,"_kad_post_transparent":"","_kad_post_title":"","_kad_post_layout":"","_kad_post_sidebar_id":"","_kad_post_content_style":"","_kad_post_vertical_padding":"","_kad_post_feature":"","_kad_post_feature_position":"","_kad_post_header":false,"_kad_post_footer":false,"_kad_post_classname":"","activitypub_content_warning":"","activitypub_content_visibility":"","activitypub_max_image_attachments":4,"activitypub_interaction_policy_quote":"anyone","activitypub_status":"federated","footnotes":""},"categories":[9],"tags":[],"class_list":["post-1825","post","type-post","status-publish","format-standard","hentry","category-premsa"],"_links":{"self":[{"href":"https:\/\/comiteslocals.org\/cas\/wp-json\/wp\/v2\/posts\/1825","targetHints":{"allow":["GET"]}}],"collection":[{"href":"https:\/\/comiteslocals.org\/cas\/wp-json\/wp\/v2\/posts"}],"about":[{"href":"https:\/\/comiteslocals.org\/cas\/wp-json\/wp\/v2\/types\/post"}],"author":[{"embeddable":true,"href":"https:\/\/comiteslocals.org\/cas\/wp-json\/wp\/v2\/users\/8"}],"replies":[{"embeddable":true,"href":"https:\/\/comiteslocals.org\/cas\/wp-json\/wp\/v2\/comments?post=1825"}],"version-history":[{"count":2,"href":"https:\/\/comiteslocals.org\/cas\/wp-json\/wp\/v2\/posts\/1825\/revisions"}],"predecessor-version":[{"id":3258,"href":"https:\/\/comiteslocals.org\/cas\/wp-json\/wp\/v2\/posts\/1825\/revisions\/3258"}],"wp:attachment":[{"href":"https:\/\/comiteslocals.org\/cas\/wp-json\/wp\/v2\/media?parent=1825"}],"wp:term":[{"taxonomy":"category","embeddable":true,"href":"https:\/\/comiteslocals.org\/cas\/wp-json\/wp\/v2\/categories?post=1825"},{"taxonomy":"post_tag","embeddable":true,"href":"https:\/\/comiteslocals.org\/cas\/wp-json\/wp\/v2\/tags?post=1825"}],"curies":[{"name":"wp","href":"https:\/\/api.w.org\/{rel}","templated":true}]}}