{"id":1831,"date":"2026-03-02T17:11:10","date_gmt":"2026-03-02T16:11:10","guid":{"rendered":"https:\/\/comiteslocals.org\/?p=1831"},"modified":"2026-04-13T10:12:11","modified_gmt":"2026-04-13T08:12:11","slug":"los-cler-exigen-a-catala-que-retire-a-olano-de-la-comision-mixta-tras-sus-ataques-a-los-vecinos","status":"publish","type":"post","link":"https:\/\/comiteslocals.org\/cas\/los-cler-exigen-a-catala-que-retire-a-olano-de-la-comision-mixta-tras-sus-ataques-a-los-vecinos\/","title":{"rendered":"Los CLER exigen a Catal\u00e1 que retire a Olano de la comisi\u00f3n mixta tras sus &#8220;ataques&#8221; a los vecinos"},"content":{"rendered":"<p><a href=\"https:\/\/valenciaplaza.com\/valenciaplaza\/valencia\/los-cler-exigen-a-catala-que-retire-a-olano-de-la-comision-mixta-tras-sus-ataques-a-los-vecinos\" target=\"_blank\" rel=\"noreferrer noopener\">Valencia Plaza, 2 de mar\u00e7 de 2026: Los CLER exigen a Catal\u00e1 que retire a Olano de la comisi\u00f3n mixta tras sus &#8220;ataques&#8221; a los vecinos<\/a><\/p>","protected":false},"excerpt":{"rendered":"<p>Valencia Plaza, 2 de mar\u00e7 de 2026: Los CLER exigen a Catal\u00e1 que retire a Olano de la comisi\u00f3n mixta&#8230;<\/p>","protected":false},"author":8,"featured_media":0,"comment_status":"closed","ping_status":"","sticky":false,"template":"","format":"standard","meta":{"_kadence_starter_templates_imported_post":false,"_kad_post_transparent":"","_kad_post_title":"","_kad_post_layout":"","_kad_post_sidebar_id":"","_kad_post_content_style":"","_kad_post_vertical_padding":"","_kad_post_feature":"","_kad_post_feature_position":"","_kad_post_header":false,"_kad_post_footer":false,"_kad_post_classname":"","activitypub_content_warning":"","activitypub_content_visibility":"","activitypub_max_image_attachments":4,"activitypub_interaction_policy_quote":"anyone","activitypub_status":"federated","footnotes":""},"categories":[9],"tags":[],"class_list":["post-1831","post","type-post","status-publish","format-standard","hentry","category-premsa"],"_links":{"self":[{"href":"https:\/\/comiteslocals.org\/cas\/wp-json\/wp\/v2\/posts\/1831","targetHints":{"allow":["GET"]}}],"collection":[{"href":"https:\/\/comiteslocals.org\/cas\/wp-json\/wp\/v2\/posts"}],"about":[{"href":"https:\/\/comiteslocals.org\/cas\/wp-json\/wp\/v2\/types\/post"}],"author":[{"embeddable":true,"href":"https:\/\/comiteslocals.org\/cas\/wp-json\/wp\/v2\/users\/8"}],"replies":[{"embeddable":true,"href":"https:\/\/comiteslocals.org\/cas\/wp-json\/wp\/v2\/comments?post=1831"}],"version-history":[{"count":2,"href":"https:\/\/comiteslocals.org\/cas\/wp-json\/wp\/v2\/posts\/1831\/revisions"}],"predecessor-version":[{"id":3260,"href":"https:\/\/comiteslocals.org\/cas\/wp-json\/wp\/v2\/posts\/1831\/revisions\/3260"}],"wp:attachment":[{"href":"https:\/\/comiteslocals.org\/cas\/wp-json\/wp\/v2\/media?parent=1831"}],"wp:term":[{"taxonomy":"category","embeddable":true,"href":"https:\/\/comiteslocals.org\/cas\/wp-json\/wp\/v2\/categories?post=1831"},{"taxonomy":"post_tag","embeddable":true,"href":"https:\/\/comiteslocals.org\/cas\/wp-json\/wp\/v2\/tags?post=1831"}],"curies":[{"name":"wp","href":"https:\/\/api.w.org\/{rel}","templated":true}]}}