{"id":1834,"date":"2025-09-30T08:32:06","date_gmt":"2025-09-30T06:32:06","guid":{"rendered":"https:\/\/comiteslocals.org\/?p=1834"},"modified":"2026-04-13T11:13:09","modified_gmt":"2026-04-13T09:13:09","slug":"que-instituciones-daran-respuesta-ante-la-proxima-dana","status":"publish","type":"post","link":"https:\/\/comiteslocals.org\/cas\/que-instituciones-daran-respuesta-ante-la-proxima-dana\/","title":{"rendered":"\u00bfQu\u00e9 instituciones dar\u00e1n respuesta ante la pr\u00f3xima dana?"},"content":{"rendered":"<p><a href=\"https:\/\/www.levante-emv.com\/opinion\/2025\/09\/30\/instituciones-daran-respuesta-proxima-dana-122069884.html\" target=\"_blank\" rel=\"noreferrer noopener\">Levante &#8211; EMV, 30 de septembre de 2025: \u00bfQu\u00e9 instituciones dar\u00e1n respuesta ante la pr\u00f3xima dana?<\/a><\/p>","protected":false},"excerpt":{"rendered":"<p>Levante &#8211; EMV, 30 de septembre de 2025: \u00bfQu\u00e9 instituciones dar\u00e1n respuesta ante la pr\u00f3xima dana?<\/p>","protected":false},"author":8,"featured_media":0,"comment_status":"closed","ping_status":"","sticky":false,"template":"","format":"standard","meta":{"_kadence_starter_templates_imported_post":false,"_kad_post_transparent":"","_kad_post_title":"","_kad_post_layout":"","_kad_post_sidebar_id":"","_kad_post_content_style":"","_kad_post_vertical_padding":"","_kad_post_feature":"","_kad_post_feature_position":"","_kad_post_header":false,"_kad_post_footer":false,"_kad_post_classname":"","activitypub_content_warning":"","activitypub_content_visibility":"","activitypub_max_image_attachments":4,"activitypub_interaction_policy_quote":"anyone","activitypub_status":"federated","footnotes":""},"categories":[9],"tags":[],"class_list":["post-1834","post","type-post","status-publish","format-standard","hentry","category-premsa"],"_links":{"self":[{"href":"https:\/\/comiteslocals.org\/cas\/wp-json\/wp\/v2\/posts\/1834","targetHints":{"allow":["GET"]}}],"collection":[{"href":"https:\/\/comiteslocals.org\/cas\/wp-json\/wp\/v2\/posts"}],"about":[{"href":"https:\/\/comiteslocals.org\/cas\/wp-json\/wp\/v2\/types\/post"}],"author":[{"embeddable":true,"href":"https:\/\/comiteslocals.org\/cas\/wp-json\/wp\/v2\/users\/8"}],"replies":[{"embeddable":true,"href":"https:\/\/comiteslocals.org\/cas\/wp-json\/wp\/v2\/comments?post=1834"}],"version-history":[{"count":2,"href":"https:\/\/comiteslocals.org\/cas\/wp-json\/wp\/v2\/posts\/1834\/revisions"}],"predecessor-version":[{"id":3607,"href":"https:\/\/comiteslocals.org\/cas\/wp-json\/wp\/v2\/posts\/1834\/revisions\/3607"}],"wp:attachment":[{"href":"https:\/\/comiteslocals.org\/cas\/wp-json\/wp\/v2\/media?parent=1834"}],"wp:term":[{"taxonomy":"category","embeddable":true,"href":"https:\/\/comiteslocals.org\/cas\/wp-json\/wp\/v2\/categories?post=1834"},{"taxonomy":"post_tag","embeddable":true,"href":"https:\/\/comiteslocals.org\/cas\/wp-json\/wp\/v2\/tags?post=1834"}],"curies":[{"name":"wp","href":"https:\/\/api.w.org\/{rel}","templated":true}]}}