{"id":1837,"date":"2025-09-29T08:33:58","date_gmt":"2025-09-29T06:33:58","guid":{"rendered":"https:\/\/comiteslocals.org\/?p=1837"},"modified":"2026-04-13T11:13:04","modified_gmt":"2026-04-13T09:13:04","slug":"comites-vecinales-por-la-reconstruccion-destacan-la-alta-participacion-en-septiembre","status":"publish","type":"post","link":"https:\/\/comiteslocals.org\/cas\/comites-vecinales-por-la-reconstruccion-destacan-la-alta-participacion-en-septiembre\/","title":{"rendered":"Comit\u00e9s vecinales por la reconstrucci\u00f3n destacan la alta participaci\u00f3n en septiembre"},"content":{"rendered":"<p><a href=\"https:\/\/actualidadvalencia.com\/comites-vecinales-reconstruccion-municipios\/\" target=\"_blank\" rel=\"noreferrer noopener\">Actualidad Valencia, 29 de septembre de 2025: Comit\u00e9s vecinales por la reconstrucci\u00f3n destacan la alta participaci\u00f3n en septiembre<\/a><\/p>","protected":false},"excerpt":{"rendered":"<p>Actualidad Valencia, 29 de septembre de 2025: Comit\u00e9s vecinales por la reconstrucci\u00f3n destacan la alta participaci\u00f3n en septiembre<\/p>","protected":false},"author":8,"featured_media":0,"comment_status":"closed","ping_status":"","sticky":false,"template":"","format":"standard","meta":{"_kadence_starter_templates_imported_post":false,"_kad_post_transparent":"","_kad_post_title":"","_kad_post_layout":"","_kad_post_sidebar_id":"","_kad_post_content_style":"","_kad_post_vertical_padding":"","_kad_post_feature":"","_kad_post_feature_position":"","_kad_post_header":false,"_kad_post_footer":false,"_kad_post_classname":"","activitypub_content_warning":"","activitypub_content_visibility":"","activitypub_max_image_attachments":4,"activitypub_interaction_policy_quote":"anyone","activitypub_status":"federated","footnotes":""},"categories":[9],"tags":[],"class_list":["post-1837","post","type-post","status-publish","format-standard","hentry","category-premsa"],"_links":{"self":[{"href":"https:\/\/comiteslocals.org\/cas\/wp-json\/wp\/v2\/posts\/1837","targetHints":{"allow":["GET"]}}],"collection":[{"href":"https:\/\/comiteslocals.org\/cas\/wp-json\/wp\/v2\/posts"}],"about":[{"href":"https:\/\/comiteslocals.org\/cas\/wp-json\/wp\/v2\/types\/post"}],"author":[{"embeddable":true,"href":"https:\/\/comiteslocals.org\/cas\/wp-json\/wp\/v2\/users\/8"}],"replies":[{"embeddable":true,"href":"https:\/\/comiteslocals.org\/cas\/wp-json\/wp\/v2\/comments?post=1837"}],"version-history":[{"count":2,"href":"https:\/\/comiteslocals.org\/cas\/wp-json\/wp\/v2\/posts\/1837\/revisions"}],"predecessor-version":[{"id":3605,"href":"https:\/\/comiteslocals.org\/cas\/wp-json\/wp\/v2\/posts\/1837\/revisions\/3605"}],"wp:attachment":[{"href":"https:\/\/comiteslocals.org\/cas\/wp-json\/wp\/v2\/media?parent=1837"}],"wp:term":[{"taxonomy":"category","embeddable":true,"href":"https:\/\/comiteslocals.org\/cas\/wp-json\/wp\/v2\/categories?post=1837"},{"taxonomy":"post_tag","embeddable":true,"href":"https:\/\/comiteslocals.org\/cas\/wp-json\/wp\/v2\/tags?post=1837"}],"curies":[{"name":"wp","href":"https:\/\/api.w.org\/{rel}","templated":true}]}}