{"id":1886,"date":"2025-08-19T09:40:30","date_gmt":"2025-08-19T07:40:30","guid":{"rendered":"https:\/\/comiteslocals.org\/?p=1886"},"modified":"2026-03-07T09:41:30","modified_gmt":"2026-03-07T08:41:30","slug":"comites-de-reconstruccio-lamenten-que-la-historia-es-repeteix-en-altres-autonomies","status":"publish","type":"post","link":"https:\/\/comiteslocals.org\/cas\/comites-de-reconstruccio-lamenten-que-la-historia-es-repeteix-en-altres-autonomies\/","title":{"rendered":"Comit\u00e9s de Reconstrucci\u00f3 lamenten que \u201cla hist\u00f2ria es repeteix\u201d en altres autonomies"},"content":{"rendered":"<p><a href=\"https:\/\/www.diarilaveu.cat\/societat\/comites-de-reconstruccio-lamenten-que-la-historia-es-repeteix-601518\/\">Diari La Veu del Pa\u00eds Valenci\u00e0, 19 d&#8217;agost de 2025: Comit\u00e9s de Reconstrucci\u00f3 lamenten que \u201cla hist\u00f2ria es repeteix\u201d en altres autonomies<\/a><\/p>","protected":false},"excerpt":{"rendered":"<p>Diari La Veu del Pa\u00eds Valenci\u00e0, 19 d&#8217;agost de 2025: Comit\u00e9s de Reconstrucci\u00f3 lamenten que \u201cla hist\u00f2ria es repeteix\u201d en&#8230;<\/p>","protected":false},"author":8,"featured_media":0,"comment_status":"closed","ping_status":"","sticky":false,"template":"","format":"standard","meta":{"_kadence_starter_templates_imported_post":false,"_kad_post_transparent":"","_kad_post_title":"","_kad_post_layout":"","_kad_post_sidebar_id":"","_kad_post_content_style":"","_kad_post_vertical_padding":"","_kad_post_feature":"","_kad_post_feature_position":"","_kad_post_header":false,"_kad_post_footer":false,"_kad_post_classname":"","activitypub_content_warning":"","activitypub_content_visibility":"","activitypub_max_image_attachments":4,"activitypub_interaction_policy_quote":"anyone","activitypub_status":"federated","footnotes":""},"categories":[9],"tags":[],"class_list":["post-1886","post","type-post","status-publish","format-standard","hentry","category-premsa"],"_links":{"self":[{"href":"https:\/\/comiteslocals.org\/cas\/wp-json\/wp\/v2\/posts\/1886","targetHints":{"allow":["GET"]}}],"collection":[{"href":"https:\/\/comiteslocals.org\/cas\/wp-json\/wp\/v2\/posts"}],"about":[{"href":"https:\/\/comiteslocals.org\/cas\/wp-json\/wp\/v2\/types\/post"}],"author":[{"embeddable":true,"href":"https:\/\/comiteslocals.org\/cas\/wp-json\/wp\/v2\/users\/8"}],"replies":[{"embeddable":true,"href":"https:\/\/comiteslocals.org\/cas\/wp-json\/wp\/v2\/comments?post=1886"}],"version-history":[{"count":1,"href":"https:\/\/comiteslocals.org\/cas\/wp-json\/wp\/v2\/posts\/1886\/revisions"}],"predecessor-version":[{"id":1887,"href":"https:\/\/comiteslocals.org\/cas\/wp-json\/wp\/v2\/posts\/1886\/revisions\/1887"}],"wp:attachment":[{"href":"https:\/\/comiteslocals.org\/cas\/wp-json\/wp\/v2\/media?parent=1886"}],"wp:term":[{"taxonomy":"category","embeddable":true,"href":"https:\/\/comiteslocals.org\/cas\/wp-json\/wp\/v2\/categories?post=1886"},{"taxonomy":"post_tag","embeddable":true,"href":"https:\/\/comiteslocals.org\/cas\/wp-json\/wp\/v2\/tags?post=1886"}],"curies":[{"name":"wp","href":"https:\/\/api.w.org\/{rel}","templated":true}]}}