{"id":1892,"date":"2025-08-18T09:42:45","date_gmt":"2025-08-18T07:42:45","guid":{"rendered":"https:\/\/comiteslocals.org\/?p=1892"},"modified":"2026-03-07T09:45:23","modified_gmt":"2026-03-07T08:45:23","slug":"carmen-grau-davant-duna-emergencia-el-ciutada-necessita-informacio-clara-i-concisa-i-poder-confiar-en-el-sistema","status":"publish","type":"post","link":"https:\/\/comiteslocals.org\/cas\/carmen-grau-davant-duna-emergencia-el-ciutada-necessita-informacio-clara-i-concisa-i-poder-confiar-en-el-sistema\/","title":{"rendered":"Carmen Grau: \u201cDavant d\u2019una emerg\u00e8ncia, el ciutad\u00e0 necessita informaci\u00f3 clara i concisa i poder confiar en el sistema\u201d"},"content":{"rendered":"<p><a href=\"https:\/\/www.apuntmedia.es\/noticies\/societat\/carmen-grau-d-una-emergencia-ciutada-necessita-informacio-clara-concisa-confiar-sistema_1_1809618.html\">\u00c0 Punt, 18 d&#8217;agost de 2025: Carmen Grau: \u201cDavant d\u2019una emerg\u00e8ncia, el ciutad\u00e0 necessita informaci\u00f3 clara i concisa i poder confiar en el sistema\u201d<\/a><\/p>","protected":false},"excerpt":{"rendered":"<p>\u00c0 Punt, 18 d&#8217;agost de 2025: Carmen Grau: \u201cDavant d\u2019una emerg\u00e8ncia, el ciutad\u00e0 necessita informaci\u00f3 clara i concisa i poder&#8230;<\/p>","protected":false},"author":8,"featured_media":0,"comment_status":"closed","ping_status":"","sticky":false,"template":"","format":"standard","meta":{"_kadence_starter_templates_imported_post":false,"_kad_post_transparent":"","_kad_post_title":"","_kad_post_layout":"","_kad_post_sidebar_id":"","_kad_post_content_style":"","_kad_post_vertical_padding":"","_kad_post_feature":"","_kad_post_feature_position":"","_kad_post_header":false,"_kad_post_footer":false,"_kad_post_classname":"","activitypub_content_warning":"","activitypub_content_visibility":"","activitypub_max_image_attachments":4,"activitypub_interaction_policy_quote":"anyone","activitypub_status":"federated","footnotes":""},"categories":[9],"tags":[],"class_list":["post-1892","post","type-post","status-publish","format-standard","hentry","category-premsa"],"_links":{"self":[{"href":"https:\/\/comiteslocals.org\/cas\/wp-json\/wp\/v2\/posts\/1892","targetHints":{"allow":["GET"]}}],"collection":[{"href":"https:\/\/comiteslocals.org\/cas\/wp-json\/wp\/v2\/posts"}],"about":[{"href":"https:\/\/comiteslocals.org\/cas\/wp-json\/wp\/v2\/types\/post"}],"author":[{"embeddable":true,"href":"https:\/\/comiteslocals.org\/cas\/wp-json\/wp\/v2\/users\/8"}],"replies":[{"embeddable":true,"href":"https:\/\/comiteslocals.org\/cas\/wp-json\/wp\/v2\/comments?post=1892"}],"version-history":[{"count":1,"href":"https:\/\/comiteslocals.org\/cas\/wp-json\/wp\/v2\/posts\/1892\/revisions"}],"predecessor-version":[{"id":1893,"href":"https:\/\/comiteslocals.org\/cas\/wp-json\/wp\/v2\/posts\/1892\/revisions\/1893"}],"wp:attachment":[{"href":"https:\/\/comiteslocals.org\/cas\/wp-json\/wp\/v2\/media?parent=1892"}],"wp:term":[{"taxonomy":"category","embeddable":true,"href":"https:\/\/comiteslocals.org\/cas\/wp-json\/wp\/v2\/categories?post=1892"},{"taxonomy":"post_tag","embeddable":true,"href":"https:\/\/comiteslocals.org\/cas\/wp-json\/wp\/v2\/tags?post=1892"}],"curies":[{"name":"wp","href":"https:\/\/api.w.org\/{rel}","templated":true}]}}