{"id":1910,"date":"2025-08-03T09:56:15","date_gmt":"2025-08-03T07:56:15","guid":{"rendered":"https:\/\/comiteslocals.org\/?p=1910"},"modified":"2026-03-07T09:57:30","modified_gmt":"2026-03-07T08:57:30","slug":"los-olvidados-de-los-olvidados-el-raval-de-algemesi-sigue-igual-nueve-meses-despues-de-la-dana","status":"publish","type":"post","link":"https:\/\/comiteslocals.org\/cas\/los-olvidados-de-los-olvidados-el-raval-de-algemesi-sigue-igual-nueve-meses-despues-de-la-dana\/","title":{"rendered":"Los olvidados de los olvidados: el Raval de Algemes\u00ed sigue igual nueve meses despu\u00e9s de la DANA"},"content":{"rendered":"<p><a href=\"https:\/\/www.publico.es\/sociedad\/olvidados-olvidados-raval-algemesi-sigue-igual-nueve-meses-despues-dana.html\">P\u00fablico, 3 d&#8217;agost de 2025: Los olvidados de los olvidados: el Raval de Algemes\u00ed sigue igual nueve meses despu\u00e9s de la DANA<\/a><\/p>","protected":false},"excerpt":{"rendered":"<p>P\u00fablico, 3 d&#8217;agost de 2025: Los olvidados de los olvidados: el Raval de Algemes\u00ed sigue igual nueve meses despu\u00e9s de&#8230;<\/p>","protected":false},"author":8,"featured_media":0,"comment_status":"closed","ping_status":"","sticky":false,"template":"","format":"standard","meta":{"_kadence_starter_templates_imported_post":false,"_kad_post_transparent":"","_kad_post_title":"","_kad_post_layout":"","_kad_post_sidebar_id":"","_kad_post_content_style":"","_kad_post_vertical_padding":"","_kad_post_feature":"","_kad_post_feature_position":"","_kad_post_header":false,"_kad_post_footer":false,"_kad_post_classname":"","activitypub_content_warning":"","activitypub_content_visibility":"","activitypub_max_image_attachments":4,"activitypub_interaction_policy_quote":"anyone","activitypub_status":"federated","footnotes":""},"categories":[9],"tags":[],"class_list":["post-1910","post","type-post","status-publish","format-standard","hentry","category-premsa"],"_links":{"self":[{"href":"https:\/\/comiteslocals.org\/cas\/wp-json\/wp\/v2\/posts\/1910","targetHints":{"allow":["GET"]}}],"collection":[{"href":"https:\/\/comiteslocals.org\/cas\/wp-json\/wp\/v2\/posts"}],"about":[{"href":"https:\/\/comiteslocals.org\/cas\/wp-json\/wp\/v2\/types\/post"}],"author":[{"embeddable":true,"href":"https:\/\/comiteslocals.org\/cas\/wp-json\/wp\/v2\/users\/8"}],"replies":[{"embeddable":true,"href":"https:\/\/comiteslocals.org\/cas\/wp-json\/wp\/v2\/comments?post=1910"}],"version-history":[{"count":1,"href":"https:\/\/comiteslocals.org\/cas\/wp-json\/wp\/v2\/posts\/1910\/revisions"}],"predecessor-version":[{"id":1911,"href":"https:\/\/comiteslocals.org\/cas\/wp-json\/wp\/v2\/posts\/1910\/revisions\/1911"}],"wp:attachment":[{"href":"https:\/\/comiteslocals.org\/cas\/wp-json\/wp\/v2\/media?parent=1910"}],"wp:term":[{"taxonomy":"category","embeddable":true,"href":"https:\/\/comiteslocals.org\/cas\/wp-json\/wp\/v2\/categories?post=1910"},{"taxonomy":"post_tag","embeddable":true,"href":"https:\/\/comiteslocals.org\/cas\/wp-json\/wp\/v2\/tags?post=1910"}],"curies":[{"name":"wp","href":"https:\/\/api.w.org\/{rel}","templated":true}]}}