{"id":1916,"date":"2025-07-30T09:59:48","date_gmt":"2025-07-30T07:59:48","guid":{"rendered":"https:\/\/comiteslocals.org\/?p=1916"},"modified":"2026-03-07T10:01:03","modified_gmt":"2026-03-07T09:01:03","slug":"los-comites-locals-de-emergencia-i-reconstruccio-se-reunen-con-el-comisionado-del-gobierno","status":"publish","type":"post","link":"https:\/\/comiteslocals.org\/cas\/los-comites-locals-de-emergencia-i-reconstruccio-se-reunen-con-el-comisionado-del-gobierno\/","title":{"rendered":"Los Comit\u00e9s Locals de Emerg\u00e8ncia i Reconstrucci\u00f3 se re\u00fanen con el Comisionado del Gobierno"},"content":{"rendered":"<p><a href=\"https:\/\/www.abc.es\/sociedad\/comites-locals-emergencia-reconstruccio-reunen-comisionado-gobierno-20250730181820-vi.html\">ABC, 30 de juliol de 2025: Los Comit\u00e9s Locals de Emerg\u00e8ncia i Reconstrucci\u00f3 se re\u00fanen con el Comisionado del Gobierno<\/a><\/p>","protected":false},"excerpt":{"rendered":"<p>ABC, 30 de juliol de 2025: Los Comit\u00e9s Locals de Emerg\u00e8ncia i Reconstrucci\u00f3 se re\u00fanen con el Comisionado del Gobierno<\/p>","protected":false},"author":8,"featured_media":0,"comment_status":"closed","ping_status":"","sticky":false,"template":"","format":"standard","meta":{"_kadence_starter_templates_imported_post":false,"_kad_post_transparent":"","_kad_post_title":"","_kad_post_layout":"","_kad_post_sidebar_id":"","_kad_post_content_style":"","_kad_post_vertical_padding":"","_kad_post_feature":"","_kad_post_feature_position":"","_kad_post_header":false,"_kad_post_footer":false,"_kad_post_classname":"","activitypub_content_warning":"","activitypub_content_visibility":"","activitypub_max_image_attachments":4,"activitypub_interaction_policy_quote":"anyone","activitypub_status":"federated","footnotes":""},"categories":[9],"tags":[],"class_list":["post-1916","post","type-post","status-publish","format-standard","hentry","category-premsa"],"_links":{"self":[{"href":"https:\/\/comiteslocals.org\/cas\/wp-json\/wp\/v2\/posts\/1916","targetHints":{"allow":["GET"]}}],"collection":[{"href":"https:\/\/comiteslocals.org\/cas\/wp-json\/wp\/v2\/posts"}],"about":[{"href":"https:\/\/comiteslocals.org\/cas\/wp-json\/wp\/v2\/types\/post"}],"author":[{"embeddable":true,"href":"https:\/\/comiteslocals.org\/cas\/wp-json\/wp\/v2\/users\/8"}],"replies":[{"embeddable":true,"href":"https:\/\/comiteslocals.org\/cas\/wp-json\/wp\/v2\/comments?post=1916"}],"version-history":[{"count":1,"href":"https:\/\/comiteslocals.org\/cas\/wp-json\/wp\/v2\/posts\/1916\/revisions"}],"predecessor-version":[{"id":1917,"href":"https:\/\/comiteslocals.org\/cas\/wp-json\/wp\/v2\/posts\/1916\/revisions\/1917"}],"wp:attachment":[{"href":"https:\/\/comiteslocals.org\/cas\/wp-json\/wp\/v2\/media?parent=1916"}],"wp:term":[{"taxonomy":"category","embeddable":true,"href":"https:\/\/comiteslocals.org\/cas\/wp-json\/wp\/v2\/categories?post=1916"},{"taxonomy":"post_tag","embeddable":true,"href":"https:\/\/comiteslocals.org\/cas\/wp-json\/wp\/v2\/tags?post=1916"}],"curies":[{"name":"wp","href":"https:\/\/api.w.org\/{rel}","templated":true}]}}