{"id":1928,"date":"2025-11-14T13:32:40","date_gmt":"2025-11-14T12:32:40","guid":{"rendered":"https:\/\/comiteslocals.org\/?p=1928"},"modified":"2026-04-17T07:53:34","modified_gmt":"2026-04-17T05:53:34","slug":"un-an-apres-la-tempete-dana-etat-des-lieux-apres-la-demission-de-mazon","status":"publish","type":"post","link":"https:\/\/comiteslocals.org\/cas\/un-an-apres-la-tempete-dana-etat-des-lieux-apres-la-demission-de-mazon\/","title":{"rendered":"Un an apr\u00e8s la temp\u00eate DANA : \u00e9tat des lieux apr\u00e8s la d\u00e9mission de Maz\u00f3n"},"content":{"rendered":"<p><a href=\"https:\/\/inprecor.fr\/un-apres-la-tempete-dana-etat-des-lieux-apres-la-demission-de-mazon\" target=\"_blank\" rel=\"noreferrer noopener\">Inprecor, 14 de novembre de 2025: Un an apr\u00e8s la temp\u00eate DANA : \u00e9tat des lieux apr\u00e8s la d\u00e9mission de Maz\u00f3n<\/a><\/p>","protected":false},"excerpt":{"rendered":"<p>Inprecor, 14 de novembre de 2025: Un an apr\u00e8s la temp\u00eate DANA : \u00e9tat des lieux apr\u00e8s la d\u00e9mission de&#8230;<\/p>","protected":false},"author":8,"featured_media":0,"comment_status":"closed","ping_status":"closed","sticky":false,"template":"","format":"standard","meta":{"_kadence_starter_templates_imported_post":false,"_kad_post_transparent":"","_kad_post_title":"","_kad_post_layout":"","_kad_post_sidebar_id":"","_kad_post_content_style":"","_kad_post_vertical_padding":"","_kad_post_feature":"","_kad_post_feature_position":"","_kad_post_header":false,"_kad_post_footer":false,"_kad_post_classname":"","activitypub_content_warning":"","activitypub_content_visibility":"","activitypub_max_image_attachments":4,"activitypub_interaction_policy_quote":"anyone","activitypub_status":"federated","footnotes":""},"categories":[30,9],"tags":[],"class_list":["post-1928","post","type-post","status-publish","format-standard","hentry","category-internacional","category-premsa"],"_links":{"self":[{"href":"https:\/\/comiteslocals.org\/cas\/wp-json\/wp\/v2\/posts\/1928","targetHints":{"allow":["GET"]}}],"collection":[{"href":"https:\/\/comiteslocals.org\/cas\/wp-json\/wp\/v2\/posts"}],"about":[{"href":"https:\/\/comiteslocals.org\/cas\/wp-json\/wp\/v2\/types\/post"}],"author":[{"embeddable":true,"href":"https:\/\/comiteslocals.org\/cas\/wp-json\/wp\/v2\/users\/8"}],"replies":[{"embeddable":true,"href":"https:\/\/comiteslocals.org\/cas\/wp-json\/wp\/v2\/comments?post=1928"}],"version-history":[{"count":2,"href":"https:\/\/comiteslocals.org\/cas\/wp-json\/wp\/v2\/posts\/1928\/revisions"}],"predecessor-version":[{"id":3455,"href":"https:\/\/comiteslocals.org\/cas\/wp-json\/wp\/v2\/posts\/1928\/revisions\/3455"}],"wp:attachment":[{"href":"https:\/\/comiteslocals.org\/cas\/wp-json\/wp\/v2\/media?parent=1928"}],"wp:term":[{"taxonomy":"category","embeddable":true,"href":"https:\/\/comiteslocals.org\/cas\/wp-json\/wp\/v2\/categories?post=1928"},{"taxonomy":"post_tag","embeddable":true,"href":"https:\/\/comiteslocals.org\/cas\/wp-json\/wp\/v2\/tags?post=1928"}],"curies":[{"name":"wp","href":"https:\/\/api.w.org\/{rel}","templated":true}]}}