{"id":1940,"date":"2025-12-13T16:03:38","date_gmt":"2025-12-13T15:03:38","guid":{"rendered":"https:\/\/comiteslocals.org\/?p=1940"},"modified":"2026-04-13T10:57:25","modified_gmt":"2026-04-13T08:57:25","slug":"la-comunidad-como-motor-de-resiliencia-y-transformacion-el-caso-de-la-dana-en-valencia","status":"publish","type":"post","link":"https:\/\/comiteslocals.org\/cas\/la-comunidad-como-motor-de-resiliencia-y-transformacion-el-caso-de-la-dana-en-valencia\/","title":{"rendered":"La comunidad como motor de resiliencia y transformaci\u00f3n: el caso de la DANA en Valencia."},"content":{"rendered":"<p>La comunidad como motor de resiliencia y transformaci\u00f3n: el caso de la DANA en Valencia. (2025). <em>Indivisa, Bolet\u00edn De Estudios E Investigaci\u00f3n<\/em>, <em>25<\/em>, 63-86. <a href=\"https:\/\/doi.org\/10.37382\/INDIVISA.VI25.104\" target=\"_blank\" rel=\"noreferrer noopener\">https:\/\/doi.org\/10.37382\/INDIVISA.VI25.104<\/a><\/p>","protected":false},"excerpt":{"rendered":"<p>La comunidad como motor de resiliencia y transformaci\u00f3n: el caso de la DANA en Valencia. (2025). Indivisa, Bolet\u00edn De Estudios&#8230;<\/p>","protected":false},"author":8,"featured_media":0,"comment_status":"closed","ping_status":"","sticky":false,"template":"","format":"standard","meta":{"_kadence_starter_templates_imported_post":false,"_kad_post_transparent":"","_kad_post_title":"","_kad_post_layout":"","_kad_post_sidebar_id":"","_kad_post_content_style":"","_kad_post_vertical_padding":"","_kad_post_feature":"","_kad_post_feature_position":"","_kad_post_header":false,"_kad_post_footer":false,"_kad_post_classname":"","activitypub_content_warning":"","activitypub_content_visibility":"","activitypub_max_image_attachments":4,"activitypub_interaction_policy_quote":"anyone","activitypub_status":"federated","footnotes":""},"categories":[10],"tags":[],"class_list":["post-1940","post","type-post","status-publish","format-standard","hentry","category-universitats"],"_links":{"self":[{"href":"https:\/\/comiteslocals.org\/cas\/wp-json\/wp\/v2\/posts\/1940","targetHints":{"allow":["GET"]}}],"collection":[{"href":"https:\/\/comiteslocals.org\/cas\/wp-json\/wp\/v2\/posts"}],"about":[{"href":"https:\/\/comiteslocals.org\/cas\/wp-json\/wp\/v2\/types\/post"}],"author":[{"embeddable":true,"href":"https:\/\/comiteslocals.org\/cas\/wp-json\/wp\/v2\/users\/8"}],"replies":[{"embeddable":true,"href":"https:\/\/comiteslocals.org\/cas\/wp-json\/wp\/v2\/comments?post=1940"}],"version-history":[{"count":2,"href":"https:\/\/comiteslocals.org\/cas\/wp-json\/wp\/v2\/posts\/1940\/revisions"}],"predecessor-version":[{"id":3447,"href":"https:\/\/comiteslocals.org\/cas\/wp-json\/wp\/v2\/posts\/1940\/revisions\/3447"}],"wp:attachment":[{"href":"https:\/\/comiteslocals.org\/cas\/wp-json\/wp\/v2\/media?parent=1940"}],"wp:term":[{"taxonomy":"category","embeddable":true,"href":"https:\/\/comiteslocals.org\/cas\/wp-json\/wp\/v2\/categories?post=1940"},{"taxonomy":"post_tag","embeddable":true,"href":"https:\/\/comiteslocals.org\/cas\/wp-json\/wp\/v2\/tags?post=1940"}],"curies":[{"name":"wp","href":"https:\/\/api.w.org\/{rel}","templated":true}]}}