{"id":1961,"date":"2025-07-28T07:15:13","date_gmt":"2025-07-28T05:15:13","guid":{"rendered":"https:\/\/comiteslocals.org\/?p=1961"},"modified":"2026-03-08T07:15:47","modified_gmt":"2026-03-08T06:15:47","slug":"comites-de-reconstruccion-piden-la-paralizacion-inmediata-del-proyecto-del-paso-al-nivel-de-alfafar","status":"publish","type":"post","link":"https:\/\/comiteslocals.org\/cas\/comites-de-reconstruccion-piden-la-paralizacion-inmediata-del-proyecto-del-paso-al-nivel-de-alfafar\/","title":{"rendered":"Comit\u00e9s de reconstrucci\u00f3n piden la &#8220;paralizaci\u00f3n inmediata&#8221; del proyecto del paso al nivel de Alfafar"},"content":{"rendered":"<p><a href=\"https:\/\/www.diariosigloxxi.com\/texto-ep\/mostrar\/20250728160631\/comites-reconstruccion-piden-paralizacion-inmediata-proyecto-paso-nivel-alfafar\">Siglo XXI, 28 de juliol de 2025: Comit\u00e9s de reconstrucci\u00f3n piden la &#8220;paralizaci\u00f3n inmediata&#8221; del proyecto del paso al nivel de Alfafar<\/a><\/p>","protected":false},"excerpt":{"rendered":"<p>Siglo XXI, 28 de juliol de 2025: Comit\u00e9s de reconstrucci\u00f3n piden la &#8220;paralizaci\u00f3n inmediata&#8221; del proyecto del paso al nivel&#8230;<\/p>","protected":false},"author":8,"featured_media":0,"comment_status":"closed","ping_status":"","sticky":false,"template":"","format":"standard","meta":{"_kadence_starter_templates_imported_post":false,"_kad_post_transparent":"","_kad_post_title":"","_kad_post_layout":"","_kad_post_sidebar_id":"","_kad_post_content_style":"","_kad_post_vertical_padding":"","_kad_post_feature":"","_kad_post_feature_position":"","_kad_post_header":false,"_kad_post_footer":false,"_kad_post_classname":"","activitypub_content_warning":"","activitypub_content_visibility":"","activitypub_max_image_attachments":4,"activitypub_interaction_policy_quote":"anyone","activitypub_status":"federated","footnotes":""},"categories":[9],"tags":[],"class_list":["post-1961","post","type-post","status-publish","format-standard","hentry","category-premsa"],"_links":{"self":[{"href":"https:\/\/comiteslocals.org\/cas\/wp-json\/wp\/v2\/posts\/1961","targetHints":{"allow":["GET"]}}],"collection":[{"href":"https:\/\/comiteslocals.org\/cas\/wp-json\/wp\/v2\/posts"}],"about":[{"href":"https:\/\/comiteslocals.org\/cas\/wp-json\/wp\/v2\/types\/post"}],"author":[{"embeddable":true,"href":"https:\/\/comiteslocals.org\/cas\/wp-json\/wp\/v2\/users\/8"}],"replies":[{"embeddable":true,"href":"https:\/\/comiteslocals.org\/cas\/wp-json\/wp\/v2\/comments?post=1961"}],"version-history":[{"count":1,"href":"https:\/\/comiteslocals.org\/cas\/wp-json\/wp\/v2\/posts\/1961\/revisions"}],"predecessor-version":[{"id":1962,"href":"https:\/\/comiteslocals.org\/cas\/wp-json\/wp\/v2\/posts\/1961\/revisions\/1962"}],"wp:attachment":[{"href":"https:\/\/comiteslocals.org\/cas\/wp-json\/wp\/v2\/media?parent=1961"}],"wp:term":[{"taxonomy":"category","embeddable":true,"href":"https:\/\/comiteslocals.org\/cas\/wp-json\/wp\/v2\/categories?post=1961"},{"taxonomy":"post_tag","embeddable":true,"href":"https:\/\/comiteslocals.org\/cas\/wp-json\/wp\/v2\/tags?post=1961"}],"curies":[{"name":"wp","href":"https:\/\/api.w.org\/{rel}","templated":true}]}}