{"id":1964,"date":"2025-07-28T07:17:18","date_gmt":"2025-07-28T05:17:18","guid":{"rendered":"https:\/\/comiteslocals.org\/?p=1964"},"modified":"2026-03-08T07:17:56","modified_gmt":"2026-03-08T06:17:56","slug":"los-comites-locales-solicitan-la-paralizacion-inmediata-del-proyecto-del-paso-a-nivel-en-alfafar-y-sedavi","status":"publish","type":"post","link":"https:\/\/comiteslocals.org\/cas\/los-comites-locales-solicitan-la-paralizacion-inmediata-del-proyecto-del-paso-a-nivel-en-alfafar-y-sedavi\/","title":{"rendered":"Los comit\u00e9s locales solicitan la &#8220;paralizaci\u00f3n inmediata&#8221; del proyecto del paso a nivel en Alfafar y Sedav\u00ed"},"content":{"rendered":"<p><a href=\"https:\/\/valenciaplaza.com\/valenciaplaza\/comarca-y-empresa\/los-comites-locales-solicitan-la-paralizacion-inmediata-del-proyecto-del-paso-a-nivel-en-alfafar-y-sedavi\">Valencia Plaza, 28 de juliol de 2025: Los comit\u00e9s locales solicitan la &#8220;paralizaci\u00f3n inmediata&#8221; del proyecto del paso a nivel en Alfafar y Sedav\u00ed<\/a><\/p>","protected":false},"excerpt":{"rendered":"<p>Valencia Plaza, 28 de juliol de 2025: Los comit\u00e9s locales solicitan la &#8220;paralizaci\u00f3n inmediata&#8221; del proyecto del paso a nivel&#8230;<\/p>","protected":false},"author":8,"featured_media":0,"comment_status":"closed","ping_status":"","sticky":false,"template":"","format":"standard","meta":{"_kadence_starter_templates_imported_post":false,"_kad_post_transparent":"","_kad_post_title":"","_kad_post_layout":"","_kad_post_sidebar_id":"","_kad_post_content_style":"","_kad_post_vertical_padding":"","_kad_post_feature":"","_kad_post_feature_position":"","_kad_post_header":false,"_kad_post_footer":false,"_kad_post_classname":"","activitypub_content_warning":"","activitypub_content_visibility":"","activitypub_max_image_attachments":4,"activitypub_interaction_policy_quote":"anyone","activitypub_status":"federated","footnotes":""},"categories":[9],"tags":[],"class_list":["post-1964","post","type-post","status-publish","format-standard","hentry","category-premsa"],"_links":{"self":[{"href":"https:\/\/comiteslocals.org\/cas\/wp-json\/wp\/v2\/posts\/1964","targetHints":{"allow":["GET"]}}],"collection":[{"href":"https:\/\/comiteslocals.org\/cas\/wp-json\/wp\/v2\/posts"}],"about":[{"href":"https:\/\/comiteslocals.org\/cas\/wp-json\/wp\/v2\/types\/post"}],"author":[{"embeddable":true,"href":"https:\/\/comiteslocals.org\/cas\/wp-json\/wp\/v2\/users\/8"}],"replies":[{"embeddable":true,"href":"https:\/\/comiteslocals.org\/cas\/wp-json\/wp\/v2\/comments?post=1964"}],"version-history":[{"count":1,"href":"https:\/\/comiteslocals.org\/cas\/wp-json\/wp\/v2\/posts\/1964\/revisions"}],"predecessor-version":[{"id":1965,"href":"https:\/\/comiteslocals.org\/cas\/wp-json\/wp\/v2\/posts\/1964\/revisions\/1965"}],"wp:attachment":[{"href":"https:\/\/comiteslocals.org\/cas\/wp-json\/wp\/v2\/media?parent=1964"}],"wp:term":[{"taxonomy":"category","embeddable":true,"href":"https:\/\/comiteslocals.org\/cas\/wp-json\/wp\/v2\/categories?post=1964"},{"taxonomy":"post_tag","embeddable":true,"href":"https:\/\/comiteslocals.org\/cas\/wp-json\/wp\/v2\/tags?post=1964"}],"curies":[{"name":"wp","href":"https:\/\/api.w.org\/{rel}","templated":true}]}}