{"id":1973,"date":"2025-07-28T07:22:27","date_gmt":"2025-07-28T05:22:27","guid":{"rendered":"https:\/\/comiteslocals.org\/?p=1973"},"modified":"2026-03-24T06:27:10","modified_gmt":"2026-03-24T05:27:10","slug":"los-comites-locales-de-reconstruccion-solicitan-la-paralizacion-del-proyecto-del-paso-a-nivel-de-alfafar-2","status":"publish","type":"post","link":"https:\/\/comiteslocals.org\/cas\/los-comites-locales-de-reconstruccion-solicitan-la-paralizacion-del-proyecto-del-paso-a-nivel-de-alfafar-2\/","title":{"rendered":"Los Comit\u00e9s Locales de Reconstrucci\u00f3n solicitan la paralizaci\u00f3n del proyecto del paso a nivel de Alfafar"},"content":{"rendered":"<p><a href=\"https:\/\/www.levante-emv.com\/horta\/2025\/07\/28\/comites-locales-reconstruccion-solicitan-paralizacion-proyecto-adif-paso-a-nivel-120129582.html\">Levante &#8211; EMV, 28 de juliol de 2025: Los Comit\u00e9s Locales de Reconstrucci\u00f3n solicitan la paralizaci\u00f3n del proyecto del paso a nivel de Alfafar<\/a><\/p>\n\n\n\n<p><\/p>","protected":false},"excerpt":{"rendered":"<p>Levante &#8211; EMV, 28 de juliol de 2025: Los Comit\u00e9s Locales de Reconstrucci\u00f3n solicitan la paralizaci\u00f3n del proyecto del paso&#8230;<\/p>","protected":false},"author":8,"featured_media":0,"comment_status":"closed","ping_status":"","sticky":false,"template":"","format":"standard","meta":{"_kadence_starter_templates_imported_post":false,"_kad_post_transparent":"","_kad_post_title":"","_kad_post_layout":"","_kad_post_sidebar_id":"","_kad_post_content_style":"","_kad_post_vertical_padding":"","_kad_post_feature":"","_kad_post_feature_position":"","_kad_post_header":false,"_kad_post_footer":false,"_kad_post_classname":"","activitypub_content_warning":"","activitypub_content_visibility":"","activitypub_max_image_attachments":4,"activitypub_interaction_policy_quote":"anyone","activitypub_status":"federated","footnotes":""},"categories":[9],"tags":[],"class_list":["post-1973","post","type-post","status-publish","format-standard","hentry","category-premsa"],"_links":{"self":[{"href":"https:\/\/comiteslocals.org\/cas\/wp-json\/wp\/v2\/posts\/1973","targetHints":{"allow":["GET"]}}],"collection":[{"href":"https:\/\/comiteslocals.org\/cas\/wp-json\/wp\/v2\/posts"}],"about":[{"href":"https:\/\/comiteslocals.org\/cas\/wp-json\/wp\/v2\/types\/post"}],"author":[{"embeddable":true,"href":"https:\/\/comiteslocals.org\/cas\/wp-json\/wp\/v2\/users\/8"}],"replies":[{"embeddable":true,"href":"https:\/\/comiteslocals.org\/cas\/wp-json\/wp\/v2\/comments?post=1973"}],"version-history":[{"count":2,"href":"https:\/\/comiteslocals.org\/cas\/wp-json\/wp\/v2\/posts\/1973\/revisions"}],"predecessor-version":[{"id":2563,"href":"https:\/\/comiteslocals.org\/cas\/wp-json\/wp\/v2\/posts\/1973\/revisions\/2563"}],"wp:attachment":[{"href":"https:\/\/comiteslocals.org\/cas\/wp-json\/wp\/v2\/media?parent=1973"}],"wp:term":[{"taxonomy":"category","embeddable":true,"href":"https:\/\/comiteslocals.org\/cas\/wp-json\/wp\/v2\/categories?post=1973"},{"taxonomy":"post_tag","embeddable":true,"href":"https:\/\/comiteslocals.org\/cas\/wp-json\/wp\/v2\/tags?post=1973"}],"curies":[{"name":"wp","href":"https:\/\/api.w.org\/{rel}","templated":true}]}}