{"id":2018,"date":"2026-03-04T07:52:36","date_gmt":"2026-03-04T06:52:36","guid":{"rendered":"https:\/\/comiteslocals.org\/?p=2018"},"modified":"2026-04-13T10:12:35","modified_gmt":"2026-04-13T08:12:35","slug":"victimas-de-la-dana-creen-una-burla-el-nombramiento-del-edil-olano-en-la-comision-mixta","status":"publish","type":"post","link":"https:\/\/comiteslocals.org\/cas\/victimas-de-la-dana-creen-una-burla-el-nombramiento-del-edil-olano-en-la-comision-mixta\/","title":{"rendered":"V\u00edctimas de la dana creen una &#8220;burla&#8221; el nombramiento del edil Olano en la Comisi\u00f3n Mixta"},"content":{"rendered":"<p><a href=\"https:\/\/www.larazon.es\/comunidad-valenciana\/victimas-dana-creen-burla-nombramiento-edil-olano-comision-mixta_2026030469a82d09d489bf782e0a222e.html\" target=\"_blank\" rel=\"noreferrer noopener\">La Raz\u00f3n, 4 d&#8217;abril de 2026: V\u00edctimas de la dana creen una &#8220;burla&#8221; el nombramiento del edil Olano en la Comisi\u00f3n Mixta<\/a><\/p>","protected":false},"excerpt":{"rendered":"<p>La Raz\u00f3n, 4 d&#8217;abril de 2026: V\u00edctimas de la dana creen una &#8220;burla&#8221; el nombramiento del edil Olano en la&#8230;<\/p>","protected":false},"author":8,"featured_media":0,"comment_status":"closed","ping_status":"","sticky":false,"template":"","format":"standard","meta":{"_kadence_starter_templates_imported_post":false,"_kad_post_transparent":"","_kad_post_title":"","_kad_post_layout":"","_kad_post_sidebar_id":"","_kad_post_content_style":"","_kad_post_vertical_padding":"","_kad_post_feature":"","_kad_post_feature_position":"","_kad_post_header":false,"_kad_post_footer":false,"_kad_post_classname":"","activitypub_content_warning":"","activitypub_content_visibility":"","activitypub_max_image_attachments":4,"activitypub_interaction_policy_quote":"anyone","activitypub_status":"federated","footnotes":""},"categories":[9],"tags":[],"class_list":["post-2018","post","type-post","status-publish","format-standard","hentry","category-premsa"],"_links":{"self":[{"href":"https:\/\/comiteslocals.org\/cas\/wp-json\/wp\/v2\/posts\/2018","targetHints":{"allow":["GET"]}}],"collection":[{"href":"https:\/\/comiteslocals.org\/cas\/wp-json\/wp\/v2\/posts"}],"about":[{"href":"https:\/\/comiteslocals.org\/cas\/wp-json\/wp\/v2\/types\/post"}],"author":[{"embeddable":true,"href":"https:\/\/comiteslocals.org\/cas\/wp-json\/wp\/v2\/users\/8"}],"replies":[{"embeddable":true,"href":"https:\/\/comiteslocals.org\/cas\/wp-json\/wp\/v2\/comments?post=2018"}],"version-history":[{"count":2,"href":"https:\/\/comiteslocals.org\/cas\/wp-json\/wp\/v2\/posts\/2018\/revisions"}],"predecessor-version":[{"id":3266,"href":"https:\/\/comiteslocals.org\/cas\/wp-json\/wp\/v2\/posts\/2018\/revisions\/3266"}],"wp:attachment":[{"href":"https:\/\/comiteslocals.org\/cas\/wp-json\/wp\/v2\/media?parent=2018"}],"wp:term":[{"taxonomy":"category","embeddable":true,"href":"https:\/\/comiteslocals.org\/cas\/wp-json\/wp\/v2\/categories?post=2018"},{"taxonomy":"post_tag","embeddable":true,"href":"https:\/\/comiteslocals.org\/cas\/wp-json\/wp\/v2\/tags?post=2018"}],"curies":[{"name":"wp","href":"https:\/\/api.w.org\/{rel}","templated":true}]}}