{"id":2039,"date":"2025-02-11T12:46:22","date_gmt":"2025-02-11T11:46:22","guid":{"rendered":"https:\/\/comiteslocals.org\/?p=2039"},"modified":"2026-03-09T12:47:03","modified_gmt":"2026-03-09T11:47:03","slug":"un-comite-lidera-la-recuperacion-de-massanassa-tras-la-dana-la-emergencia-aun-no-ha-terminado-2","status":"publish","type":"post","link":"https:\/\/comiteslocals.org\/cas\/un-comite-lidera-la-recuperacion-de-massanassa-tras-la-dana-la-emergencia-aun-no-ha-terminado-2\/","title":{"rendered":"Un comit\u00e9 lidera la recuperaci\u00f3n de Massanassa tras la Dana: &#8220;La emergencia a\u00fan no ha terminado&#8221;"},"content":{"rendered":"<p><a href=\"https:\/\/valenciaplaza.com\/valenciaplaza\/comarca-y-empresa\/un-comite-vecinal-lidera-la-recuperacion-de-massanassa-tras-la-dana-la-emergencia-aun-no-ha-terminado\">Valencia Plaza, 11 de febrer de 2025: Un comit\u00e9 lidera la recuperaci\u00f3n de Massanassa tras la Dana: &#8220;La emergencia a\u00fan no ha terminado&#8221;<\/a><\/p>","protected":false},"excerpt":{"rendered":"<p>Valencia Plaza, 11 de febrer de 2025: Un comit\u00e9 lidera la recuperaci\u00f3n de Massanassa tras la Dana: &#8220;La emergencia a\u00fan&#8230;<\/p>","protected":false},"author":8,"featured_media":0,"comment_status":"closed","ping_status":"","sticky":false,"template":"","format":"standard","meta":{"_kadence_starter_templates_imported_post":false,"_kad_post_transparent":"","_kad_post_title":"","_kad_post_layout":"","_kad_post_sidebar_id":"","_kad_post_content_style":"","_kad_post_vertical_padding":"","_kad_post_feature":"","_kad_post_feature_position":"","_kad_post_header":false,"_kad_post_footer":false,"_kad_post_classname":"","activitypub_content_warning":"","activitypub_content_visibility":"","activitypub_max_image_attachments":4,"activitypub_interaction_policy_quote":"anyone","activitypub_status":"federated","footnotes":""},"categories":[9],"tags":[],"class_list":["post-2039","post","type-post","status-publish","format-standard","hentry","category-premsa"],"_links":{"self":[{"href":"https:\/\/comiteslocals.org\/cas\/wp-json\/wp\/v2\/posts\/2039","targetHints":{"allow":["GET"]}}],"collection":[{"href":"https:\/\/comiteslocals.org\/cas\/wp-json\/wp\/v2\/posts"}],"about":[{"href":"https:\/\/comiteslocals.org\/cas\/wp-json\/wp\/v2\/types\/post"}],"author":[{"embeddable":true,"href":"https:\/\/comiteslocals.org\/cas\/wp-json\/wp\/v2\/users\/8"}],"replies":[{"embeddable":true,"href":"https:\/\/comiteslocals.org\/cas\/wp-json\/wp\/v2\/comments?post=2039"}],"version-history":[{"count":1,"href":"https:\/\/comiteslocals.org\/cas\/wp-json\/wp\/v2\/posts\/2039\/revisions"}],"predecessor-version":[{"id":2040,"href":"https:\/\/comiteslocals.org\/cas\/wp-json\/wp\/v2\/posts\/2039\/revisions\/2040"}],"wp:attachment":[{"href":"https:\/\/comiteslocals.org\/cas\/wp-json\/wp\/v2\/media?parent=2039"}],"wp:term":[{"taxonomy":"category","embeddable":true,"href":"https:\/\/comiteslocals.org\/cas\/wp-json\/wp\/v2\/categories?post=2039"},{"taxonomy":"post_tag","embeddable":true,"href":"https:\/\/comiteslocals.org\/cas\/wp-json\/wp\/v2\/tags?post=2039"}],"curies":[{"name":"wp","href":"https:\/\/api.w.org\/{rel}","templated":true}]}}