{"id":2045,"date":"2026-02-10T12:52:04","date_gmt":"2026-02-10T11:52:04","guid":{"rendered":"https:\/\/comiteslocals.org\/?p=2045"},"modified":"2026-04-13T10:44:32","modified_gmt":"2026-04-13T08:44:32","slug":"convocan-una-nueva-manifestacion-el-primer-dia-de-fallas-en-valencia-para-exigir-que-mazon-vaya-a-prision","status":"publish","type":"post","link":"https:\/\/comiteslocals.org\/cas\/convocan-una-nueva-manifestacion-el-primer-dia-de-fallas-en-valencia-para-exigir-que-mazon-vaya-a-prision\/","title":{"rendered":"Convocan una nueva manifestaci\u00f3n el primer d\u00eda de Fallas en Valencia para exigir que Maz\u00f3n vaya a prisi\u00f3n"},"content":{"rendered":"<p><a href=\"https:\/\/www.larazon.es\/comunidad-valenciana\/convocan-nueva-manifestacion-primer-dia-fallas-valencia-exigir-que-mazon-vaya-prision_20260210698b48019243cc133c3fc789.html\" target=\"_blank\" rel=\"noreferrer noopener\">La Raz\u00f3n, 10 de febrer de 2026: Convocan una nueva manifestaci\u00f3n el primer d\u00eda de Fallas en Valencia para exigir que Maz\u00f3n vaya a prisi\u00f3n<\/a><\/p>","protected":false},"excerpt":{"rendered":"<p>La Raz\u00f3n, 10 de febrer de 2026: Convocan una nueva manifestaci\u00f3n el primer d\u00eda de Fallas en Valencia para exigir&#8230;<\/p>","protected":false},"author":8,"featured_media":0,"comment_status":"closed","ping_status":"","sticky":false,"template":"","format":"standard","meta":{"_kadence_starter_templates_imported_post":false,"_kad_post_transparent":"","_kad_post_title":"","_kad_post_layout":"","_kad_post_sidebar_id":"","_kad_post_content_style":"","_kad_post_vertical_padding":"","_kad_post_feature":"","_kad_post_feature_position":"","_kad_post_header":false,"_kad_post_footer":false,"_kad_post_classname":"","activitypub_content_warning":"","activitypub_content_visibility":"","activitypub_max_image_attachments":4,"activitypub_interaction_policy_quote":"anyone","activitypub_status":"federated","footnotes":""},"categories":[9],"tags":[],"class_list":["post-2045","post","type-post","status-publish","format-standard","hentry","category-premsa"],"_links":{"self":[{"href":"https:\/\/comiteslocals.org\/cas\/wp-json\/wp\/v2\/posts\/2045","targetHints":{"allow":["GET"]}}],"collection":[{"href":"https:\/\/comiteslocals.org\/cas\/wp-json\/wp\/v2\/posts"}],"about":[{"href":"https:\/\/comiteslocals.org\/cas\/wp-json\/wp\/v2\/types\/post"}],"author":[{"embeddable":true,"href":"https:\/\/comiteslocals.org\/cas\/wp-json\/wp\/v2\/users\/8"}],"replies":[{"embeddable":true,"href":"https:\/\/comiteslocals.org\/cas\/wp-json\/wp\/v2\/comments?post=2045"}],"version-history":[{"count":2,"href":"https:\/\/comiteslocals.org\/cas\/wp-json\/wp\/v2\/posts\/2045\/revisions"}],"predecessor-version":[{"id":3339,"href":"https:\/\/comiteslocals.org\/cas\/wp-json\/wp\/v2\/posts\/2045\/revisions\/3339"}],"wp:attachment":[{"href":"https:\/\/comiteslocals.org\/cas\/wp-json\/wp\/v2\/media?parent=2045"}],"wp:term":[{"taxonomy":"category","embeddable":true,"href":"https:\/\/comiteslocals.org\/cas\/wp-json\/wp\/v2\/categories?post=2045"},{"taxonomy":"post_tag","embeddable":true,"href":"https:\/\/comiteslocals.org\/cas\/wp-json\/wp\/v2\/tags?post=2045"}],"curies":[{"name":"wp","href":"https:\/\/api.w.org\/{rel}","templated":true}]}}