{"id":2048,"date":"2025-03-02T12:55:44","date_gmt":"2025-03-02T11:55:44","guid":{"rendered":"https:\/\/comiteslocals.org\/?p=2048"},"modified":"2026-03-09T12:57:26","modified_gmt":"2026-03-09T11:57:26","slug":"mas-de-10-000-personas-acuden-a-la-quinta-manifestacion-en-valencia-contra-carlos-mazon-por-su-gestion-de-la-dana","status":"publish","type":"post","link":"https:\/\/comiteslocals.org\/cas\/mas-de-10-000-personas-acuden-a-la-quinta-manifestacion-en-valencia-contra-carlos-mazon-por-su-gestion-de-la-dana\/","title":{"rendered":"M\u00e1s de 10.000 personas acuden a la quinta manifestaci\u00f3n en Valencia contra Carlos Maz\u00f3n por su gesti\u00f3n de la dana"},"content":{"rendered":"<p><a href=\"https:\/\/www.newtral.es\/quinta-manifestacion-mazon-valencia\/20250302\/\">Newtral, 2 de mar\u00e7 de 2025: M\u00e1s de 10.000 personas acuden a la quinta manifestaci\u00f3n en Valencia contra Carlos Maz\u00f3n por su gesti\u00f3n de la dana<\/a><\/p>","protected":false},"excerpt":{"rendered":"<p>Newtral, 2 de mar\u00e7 de 2025: M\u00e1s de 10.000 personas acuden a la quinta manifestaci\u00f3n en Valencia contra Carlos Maz\u00f3n&#8230;<\/p>","protected":false},"author":8,"featured_media":0,"comment_status":"closed","ping_status":"","sticky":false,"template":"","format":"standard","meta":{"_kadence_starter_templates_imported_post":false,"_kad_post_transparent":"","_kad_post_title":"","_kad_post_layout":"","_kad_post_sidebar_id":"","_kad_post_content_style":"","_kad_post_vertical_padding":"","_kad_post_feature":"","_kad_post_feature_position":"","_kad_post_header":false,"_kad_post_footer":false,"_kad_post_classname":"","activitypub_content_warning":"","activitypub_content_visibility":"","activitypub_max_image_attachments":4,"activitypub_interaction_policy_quote":"anyone","activitypub_status":"federated","footnotes":""},"categories":[9],"tags":[],"class_list":["post-2048","post","type-post","status-publish","format-standard","hentry","category-premsa"],"_links":{"self":[{"href":"https:\/\/comiteslocals.org\/cas\/wp-json\/wp\/v2\/posts\/2048","targetHints":{"allow":["GET"]}}],"collection":[{"href":"https:\/\/comiteslocals.org\/cas\/wp-json\/wp\/v2\/posts"}],"about":[{"href":"https:\/\/comiteslocals.org\/cas\/wp-json\/wp\/v2\/types\/post"}],"author":[{"embeddable":true,"href":"https:\/\/comiteslocals.org\/cas\/wp-json\/wp\/v2\/users\/8"}],"replies":[{"embeddable":true,"href":"https:\/\/comiteslocals.org\/cas\/wp-json\/wp\/v2\/comments?post=2048"}],"version-history":[{"count":1,"href":"https:\/\/comiteslocals.org\/cas\/wp-json\/wp\/v2\/posts\/2048\/revisions"}],"predecessor-version":[{"id":2049,"href":"https:\/\/comiteslocals.org\/cas\/wp-json\/wp\/v2\/posts\/2048\/revisions\/2049"}],"wp:attachment":[{"href":"https:\/\/comiteslocals.org\/cas\/wp-json\/wp\/v2\/media?parent=2048"}],"wp:term":[{"taxonomy":"category","embeddable":true,"href":"https:\/\/comiteslocals.org\/cas\/wp-json\/wp\/v2\/categories?post=2048"},{"taxonomy":"post_tag","embeddable":true,"href":"https:\/\/comiteslocals.org\/cas\/wp-json\/wp\/v2\/tags?post=2048"}],"curies":[{"name":"wp","href":"https:\/\/api.w.org\/{rel}","templated":true}]}}