{"id":2051,"date":"2026-03-09T12:58:22","date_gmt":"2026-03-09T11:58:22","guid":{"rendered":"https:\/\/comiteslocals.org\/?p=2051"},"modified":"2026-04-13T10:14:13","modified_gmt":"2026-04-13T08:14:13","slug":"los-comites-de-emergencia-exigen-al-gobierno-que-frene-planes-urbanisticos-en-zonas-inundables","status":"publish","type":"post","link":"https:\/\/comiteslocals.org\/cas\/los-comites-de-emergencia-exigen-al-gobierno-que-frene-planes-urbanisticos-en-zonas-inundables\/","title":{"rendered":"Los Comit\u00e9s de Emergencia exigen al Gobierno que frene planes urban\u00edsticos en zonas inundables"},"content":{"rendered":"<p><a href=\"https:\/\/www.lasprovincias.es\/comunitat\/comites-emergencia-exigen-gobierno-frene-planes-urbanisticos-20260309100519-nt_amp.html\" target=\"_blank\" rel=\"noreferrer noopener\">Las Provincias, 9 de mar\u00e7 de 2026: Los Comit\u00e9s de Emergencia exigen al Gobierno que frene planes urban\u00edsticos en zonas inundables<\/a><\/p>","protected":false},"excerpt":{"rendered":"<p>Las Provincias, 9 de mar\u00e7 de 2026: Los Comit\u00e9s de Emergencia exigen al Gobierno que frene planes urban\u00edsticos en zonas&#8230;<\/p>","protected":false},"author":8,"featured_media":0,"comment_status":"closed","ping_status":"","sticky":false,"template":"","format":"standard","meta":{"_kadence_starter_templates_imported_post":false,"_kad_post_transparent":"","_kad_post_title":"","_kad_post_layout":"","_kad_post_sidebar_id":"","_kad_post_content_style":"","_kad_post_vertical_padding":"","_kad_post_feature":"","_kad_post_feature_position":"","_kad_post_header":false,"_kad_post_footer":false,"_kad_post_classname":"","activitypub_content_warning":"","activitypub_content_visibility":"","activitypub_max_image_attachments":4,"activitypub_interaction_policy_quote":"anyone","activitypub_status":"federated","footnotes":""},"categories":[9],"tags":[],"class_list":["post-2051","post","type-post","status-publish","format-standard","hentry","category-premsa"],"_links":{"self":[{"href":"https:\/\/comiteslocals.org\/cas\/wp-json\/wp\/v2\/posts\/2051","targetHints":{"allow":["GET"]}}],"collection":[{"href":"https:\/\/comiteslocals.org\/cas\/wp-json\/wp\/v2\/posts"}],"about":[{"href":"https:\/\/comiteslocals.org\/cas\/wp-json\/wp\/v2\/types\/post"}],"author":[{"embeddable":true,"href":"https:\/\/comiteslocals.org\/cas\/wp-json\/wp\/v2\/users\/8"}],"replies":[{"embeddable":true,"href":"https:\/\/comiteslocals.org\/cas\/wp-json\/wp\/v2\/comments?post=2051"}],"version-history":[{"count":2,"href":"https:\/\/comiteslocals.org\/cas\/wp-json\/wp\/v2\/posts\/2051\/revisions"}],"predecessor-version":[{"id":3292,"href":"https:\/\/comiteslocals.org\/cas\/wp-json\/wp\/v2\/posts\/2051\/revisions\/3292"}],"wp:attachment":[{"href":"https:\/\/comiteslocals.org\/cas\/wp-json\/wp\/v2\/media?parent=2051"}],"wp:term":[{"taxonomy":"category","embeddable":true,"href":"https:\/\/comiteslocals.org\/cas\/wp-json\/wp\/v2\/categories?post=2051"},{"taxonomy":"post_tag","embeddable":true,"href":"https:\/\/comiteslocals.org\/cas\/wp-json\/wp\/v2\/tags?post=2051"}],"curies":[{"name":"wp","href":"https:\/\/api.w.org\/{rel}","templated":true}]}}